{"id":33045,"date":"2020-02-18T05:04:00","date_gmt":"2020-02-18T08:04:00","guid":{"rendered":"http:\/\/progepe.ufpr.br\/portal\/?post_type=portarias&#038;p=33045"},"modified":"2023-08-03T13:18:25","modified_gmt":"2023-08-03T16:18:25","slug":"rt-2020-00484","status":"publish","type":"post","link":"https:\/\/progepe.ufpr.br\/portarias\/rt-2020-00484\/","title":{"rendered":"PORTARIA N\u00ba 00484\/REITORIA, DE 18 DE FEVEREIRO DE 2020"},"content":{"rendered":"\n<p><strong>A Vice-Reitora da Universidade Federal do Paran\u00e1, no exerc\u00edcio do cargo de Reitora,\u00a0<\/strong>no  uso de suas atribui\u00e7\u00f5es considerando o que consta no artigo 9\u00ba, inciso  II da Lei n\u00ba 8.112\/90 e tendo em vista o que consta no processo n\u00ba  23075.008316\/2020-23, <\/p>\n\n\n\n<p>RESOLVE:<\/p>\n\n\n\n<p>I. Alterar a Portaria n\u00ba 2558\/PROGEPE, de \n29 de maio de 2018, publicada no Di\u00e1rio Oficial da Uni\u00e3o de 01 de junho \nde 2018, se\u00e7\u00e3o 2, p\u00e1g. 38, referente \u00e0 nomea\u00e7\u00e3o da servidora MARINA \nBEVILAQUA DOS SANTOS PAULA &#8211; 2416033, na fun\u00e7\u00e3o de Chefe da Unidade de \nPatrim\u00f4nio e Almoxarifado, FG \u2013 03, do Setor Palotina,&nbsp;para fazer \nconstar que, a partir da data de publica\u00e7\u00e3o em DOU desta Portaria, a referida fun\u00e7\u00e3o&nbsp; gratificada passa a denominar-se Chefe da Se\u00e7\u00e3o de Patrim\u00f4nio e Almoxarifado, FG-03, do Setor Palotina.<\/p>\n\n\n\n<p>II. Assim que for exonerada da citada  fun\u00e7\u00e3o, a lota\u00e7\u00e3o de exerc\u00edcio da servidora volta a ser a Se\u00e7\u00e3o de  Controle e Execu\u00e7\u00e3o Or\u00e7ament\u00e1ria do Setor Palotina.<\/p>\n\n\n\n<p style=\"text-align:right\"><strong>GRACIELA INES BOLZON DE MUNIZ<\/strong><\/p>\n","protected":false},"excerpt":{"rendered":"<p>I. Alterar a Portaria n\u00ba 2558\/PROGEPE, de 29 de maio de 2018, publicada no Di\u00e1rio Oficial da Uni\u00e3o de 01 de junho de 2018, se\u00e7\u00e3o 2, p\u00e1g. 38, referente \u00e0 nomea\u00e7\u00e3o da servidora MARINA BEVILAQUA DOS SANTOS PAULA &#8211; 2416033, na fun\u00e7\u00e3o de Chefe da Unidade de Patrim\u00f4nio e Almoxarifado, FG \u2013 03, do Setor Palotina,&nbsp;para fazer constar que, a partir da data de publica\u00e7\u00e3o em DOU desta Portaria, a referida fun\u00e7\u00e3o&nbsp; gratificada passa a denominar-se Chefe da Se\u00e7\u00e3o de Patrim\u00f4nio e Almoxarifado, FG-03, do Setor Palotina.  II. Assim que for exonerada da citada fun\u00e7\u00e3o, a lota\u00e7\u00e3o<\/p>\n","protected":false},"author":48,"featured_media":0,"comment_status":"closed","ping_status":"closed","sticky":false,"template":"","format":"standard","meta":{"_acf_changed":false,"iawp_total_views":3,"footnotes":""},"categories":[117],"tags":[120],"class_list":["post-33045","post","type-post","status-publish","format-standard","hentry","category-rt","tag-funcao"],"acf":[],"_links":{"self":[{"href":"https:\/\/progepe.ufpr.br\/portarias\/wp-json\/wp\/v2\/posts\/33045","targetHints":{"allow":["GET"]}}],"collection":[{"href":"https:\/\/progepe.ufpr.br\/portarias\/wp-json\/wp\/v2\/posts"}],"about":[{"href":"https:\/\/progepe.ufpr.br\/portarias\/wp-json\/wp\/v2\/types\/post"}],"author":[{"embeddable":true,"href":"https:\/\/progepe.ufpr.br\/portarias\/wp-json\/wp\/v2\/users\/48"}],"replies":[{"embeddable":true,"href":"https:\/\/progepe.ufpr.br\/portarias\/wp-json\/wp\/v2\/comments?post=33045"}],"version-history":[{"count":1,"href":"https:\/\/progepe.ufpr.br\/portarias\/wp-json\/wp\/v2\/posts\/33045\/revisions"}],"predecessor-version":[{"id":192993,"href":"https:\/\/progepe.ufpr.br\/portarias\/wp-json\/wp\/v2\/posts\/33045\/revisions\/192993"}],"wp:attachment":[{"href":"https:\/\/progepe.ufpr.br\/portarias\/wp-json\/wp\/v2\/media?parent=33045"}],"wp:term":[{"taxonomy":"category","embeddable":true,"href":"https:\/\/progepe.ufpr.br\/portarias\/wp-json\/wp\/v2\/categories?post=33045"},{"taxonomy":"post_tag","embeddable":true,"href":"https:\/\/progepe.ufpr.br\/portarias\/wp-json\/wp\/v2\/tags?post=33045"}],"curies":[{"name":"wp","href":"https:\/\/api.w.org\/{rel}","templated":true}]}}