{"id":33777,"date":"2020-03-06T05:00:00","date_gmt":"2020-03-06T08:00:00","guid":{"rendered":"http:\/\/progepe.ufpr.br\/portal\/?post_type=portarias&#038;p=33777"},"modified":"2023-08-03T13:18:48","modified_gmt":"2023-08-03T16:18:48","slug":"rt-2020-00653","status":"publish","type":"post","link":"https:\/\/progepe.ufpr.br\/portarias\/rt-2020-00653\/","title":{"rendered":"PORTARIA N\u00ba 00653\/REITORIA, DE 06 DE MAR\u00c7O DE 2020"},"content":{"rendered":"\n<p><strong>O Reitor da Universidade Federal do Paran\u00e1, <\/strong>no uso de suas atribui\u00e7\u00f5es, tendo em vista o que consta no artigo 50, \u00a7 \u00danico do Regimento Geral desta Universidade e o que consta no processo n\u00ba 23075.079618\/2019-42, <\/p>\n\n\n\n<p>RESOLVE: <\/p>\n\n\n\n<p>I.&nbsp;Nomear o servidor&nbsp;JO\u00c3O FREDERICO RICKLI&nbsp;&#8211; 1998342,\nocupante do cargo de Professor, no regime de trabalho de dedica\u00e7\u00e3o exclusiva,\npara exercer a fun\u00e7\u00e3o de Coordenador de Curso de P\u00f3s-Gradua\u00e7\u00e3o do Setor de\nCi\u00eancias Humanas, FCC \u2013 Fun\u00e7\u00e3o Comissionada de Coordena\u00e7\u00e3o de Curso\n(Coordena\u00e7\u00e3o do Programa de P\u00f3s-Gradua\u00e7\u00e3o em Antropologia), autorizada pela Lei\nn\u00ba 12.677, de 25 de junho de 2012, publicado no DOU de 26.06.2012 e\nPortaria\/MEC n\u00ba 1.172, de 17 de setembro de 2012, pelo per\u00edodo de 02 (dois)\nanos, a partir da data de publica\u00e7\u00e3o em DOU, de acordo com a Lei n\u00ba 9.527\/97.<\/p>\n\n\n\n<p>II.&nbsp;O mencionado docente cumprir\u00e1, obrigatoriamente, o regime de\ntrabalho de tempo integral, de acordo com o disposto no \u00a7 5\u00ba, artigo 1\u00ba da Lei\nn\u00ba 8.168\/91.<\/p>\n\n\n\n<p style=\"text-align:right\"><strong>RICARDO MARCELO FONSECA<\/strong><\/p>\n","protected":false},"excerpt":{"rendered":"<p>O Reitor da Universidade Federal do Paran\u00e1, no uso de suas atribui\u00e7\u00f5es, tendo em vista o que consta no artigo 50, \u00a7 \u00danico do Regimento Geral desta Universidade e o que consta no processo n\u00ba 23075.079618\/2019-42, RESOLVE: I.&nbsp;Nomear o servidor&nbsp;JO\u00c3O FREDERICO RICKLI&nbsp;&#8211; 1998342, ocupante do cargo de Professor, no regime de trabalho de dedica\u00e7\u00e3o exclusiva, [&hellip;]<\/p>\n","protected":false},"author":50,"featured_media":0,"comment_status":"closed","ping_status":"closed","sticky":false,"template":"","format":"standard","meta":{"_acf_changed":false,"iawp_total_views":0,"footnotes":""},"categories":[117],"tags":[120],"class_list":["post-33777","post","type-post","status-publish","format-standard","hentry","category-rt","tag-funcao"],"acf":[],"_links":{"self":[{"href":"https:\/\/progepe.ufpr.br\/portarias\/wp-json\/wp\/v2\/posts\/33777","targetHints":{"allow":["GET"]}}],"collection":[{"href":"https:\/\/progepe.ufpr.br\/portarias\/wp-json\/wp\/v2\/posts"}],"about":[{"href":"https:\/\/progepe.ufpr.br\/portarias\/wp-json\/wp\/v2\/types\/post"}],"author":[{"embeddable":true,"href":"https:\/\/progepe.ufpr.br\/portarias\/wp-json\/wp\/v2\/users\/50"}],"replies":[{"embeddable":true,"href":"https:\/\/progepe.ufpr.br\/portarias\/wp-json\/wp\/v2\/comments?post=33777"}],"version-history":[{"count":1,"href":"https:\/\/progepe.ufpr.br\/portarias\/wp-json\/wp\/v2\/posts\/33777\/revisions"}],"predecessor-version":[{"id":193065,"href":"https:\/\/progepe.ufpr.br\/portarias\/wp-json\/wp\/v2\/posts\/33777\/revisions\/193065"}],"wp:attachment":[{"href":"https:\/\/progepe.ufpr.br\/portarias\/wp-json\/wp\/v2\/media?parent=33777"}],"wp:term":[{"taxonomy":"category","embeddable":true,"href":"https:\/\/progepe.ufpr.br\/portarias\/wp-json\/wp\/v2\/categories?post=33777"},{"taxonomy":"post_tag","embeddable":true,"href":"https:\/\/progepe.ufpr.br\/portarias\/wp-json\/wp\/v2\/tags?post=33777"}],"curies":[{"name":"wp","href":"https:\/\/api.w.org\/{rel}","templated":true}]}}