{"id":33795,"date":"2020-03-04T05:17:00","date_gmt":"2020-03-04T08:17:00","guid":{"rendered":"http:\/\/progepe.ufpr.br\/portal\/?post_type=portarias&#038;p=33795"},"modified":"2023-08-03T13:18:43","modified_gmt":"2023-08-03T16:18:43","slug":"rt-2020-00616","status":"publish","type":"post","link":"https:\/\/progepe.ufpr.br\/portarias\/rt-2020-00616\/","title":{"rendered":"PORTARIA N\u00ba 00616\/REITORIA, DE 04 DE MAR\u00c7O DE 2020"},"content":{"rendered":"\n<p><strong>O Reitor da Universidade Federal\ndo Paran\u00e1, <\/strong>no uso de suas\natribui\u00e7\u00f5es e tendo em vista o que consta no processo n\u00ba 23075.077604\/2019-94,<\/p>\n\n\n\n<p>RESOLVE:<\/p>\n\n\n\n<p>Remover, a partir de 13 de fevereiro de 2020, o servidor\nCICERO APARECIDO BEZERRA\n&#8211; 1609927, ocupante do cargo\nde Professor do Magist\u00e9rio Superior, no regime de trabalho de dedica\u00e7\u00e3o\nexclusiva, do Departamento de Ci\u00eancia e Gest\u00e3o da Informa\u00e7\u00e3o do Setor de\nCi\u00eancias Sociais Aplicadas para o Departamento de Ci\u00eancias Cont\u00e1beis do citado\nSetor, conforme Parecer Conclusivo da 2\u00aa C\u00e2mara do Conselho de Ensino, Pesquisa\ne Extens\u00e3o &#8211; CEPE, de 13 de fevereiro de 2020.<\/p>\n\n\n\n<p style=\"text-align:right\">Ricardo Marcelo Fonseca<\/p>\n","protected":false},"excerpt":{"rendered":"<p>Remover, a partir de 13 de fevereiro de 2020, o servidor CICERO APARECIDO BEZERRA &#8211; 1609927, ocupante do cargo de Professor do Magist\u00e9rio Superior, no regime de trabalho de dedica\u00e7\u00e3o exclusiva, do Departamento de Ci\u00eancia e Gest\u00e3o da Informa\u00e7\u00e3o do Setor de Ci\u00eancias Sociais Aplicadas para o Departamento de Ci\u00eancias Cont\u00e1beis do citado Setor, conforme Parecer Conclusivo da 2\u00aa C\u00e2mara do Conselho de Ensino, Pesquisa e Extens\u00e3o &#8211; CEPE, de 13 de fevereiro de 2020.  <!-- wp:paragraph {\"align\":\"right\"} \n\n<p style=\"text-align:right\">Ricardo Marcelo Fonseca\n<\/p>\n","protected":false},"author":49,"featured_media":0,"comment_status":"closed","ping_status":"closed","sticky":false,"template":"","format":"standard","meta":{"_acf_changed":false,"iawp_total_views":0,"footnotes":""},"categories":[117],"tags":[135],"class_list":["post-33795","post","type-post","status-publish","format-standard","hentry","category-rt","tag-remocao"],"acf":[],"_links":{"self":[{"href":"https:\/\/progepe.ufpr.br\/portarias\/wp-json\/wp\/v2\/posts\/33795","targetHints":{"allow":["GET"]}}],"collection":[{"href":"https:\/\/progepe.ufpr.br\/portarias\/wp-json\/wp\/v2\/posts"}],"about":[{"href":"https:\/\/progepe.ufpr.br\/portarias\/wp-json\/wp\/v2\/types\/post"}],"author":[{"embeddable":true,"href":"https:\/\/progepe.ufpr.br\/portarias\/wp-json\/wp\/v2\/users\/49"}],"replies":[{"embeddable":true,"href":"https:\/\/progepe.ufpr.br\/portarias\/wp-json\/wp\/v2\/comments?post=33795"}],"version-history":[{"count":1,"href":"https:\/\/progepe.ufpr.br\/portarias\/wp-json\/wp\/v2\/posts\/33795\/revisions"}],"predecessor-version":[{"id":193068,"href":"https:\/\/progepe.ufpr.br\/portarias\/wp-json\/wp\/v2\/posts\/33795\/revisions\/193068"}],"wp:attachment":[{"href":"https:\/\/progepe.ufpr.br\/portarias\/wp-json\/wp\/v2\/media?parent=33795"}],"wp:term":[{"taxonomy":"category","embeddable":true,"href":"https:\/\/progepe.ufpr.br\/portarias\/wp-json\/wp\/v2\/categories?post=33795"},{"taxonomy":"post_tag","embeddable":true,"href":"https:\/\/progepe.ufpr.br\/portarias\/wp-json\/wp\/v2\/tags?post=33795"}],"curies":[{"name":"wp","href":"https:\/\/api.w.org\/{rel}","templated":true}]}}