{"id":33801,"date":"2020-03-04T05:18:00","date_gmt":"2020-03-04T08:18:00","guid":{"rendered":"http:\/\/progepe.ufpr.br\/portal\/?post_type=portarias&#038;p=33801"},"modified":"2023-08-03T13:18:43","modified_gmt":"2023-08-03T16:18:43","slug":"rt-2020-00617","status":"publish","type":"post","link":"https:\/\/progepe.ufpr.br\/portarias\/rt-2020-00617\/","title":{"rendered":"PORTARIA N\u00ba 00617\/REITORIA, DE 04 DE MAR\u00c7O DE 2020"},"content":{"rendered":"\n<p><strong>O Reitor da Universidade Federal\ndo Paran\u00e1, <\/strong>no uso de suas\natribui\u00e7\u00f5es e tendo em vista o que consta no processo n\u00ba 23075.075909\/2019-61,<\/p>\n\n\n\n<p>RESOLVE:<\/p>\n\n\n\n<p>Remover, a partir de 07 de fevereiro de 2020, o servidor\nRODRIGO ARANTES REIS &#8211; 1523865, ocupante do cargo de Professor do Magist\u00e9rio Superior,\nno regime de trabalho de dedica\u00e7\u00e3o exclusiva, da Coordena\u00e7\u00e3o da C\u00e2mara do Curso\nde Ci\u00eancias do Setor Litoral para o Departamento de Biologia Celular do Setor\nde Ci\u00eancias Biol\u00f3gicas, conforme Parecer Conclusivo da 1\u00aa C\u00e2mara do Conselho de\nEnsino, Pesquisa e Extens\u00e3o &#8211; CEPE, de 07 de fevereiro de 2020.<\/p>\n\n\n\n<p style=\"text-align:right\">Ricardo Marcelo Fonseca<\/p>\n","protected":false},"excerpt":{"rendered":"<p>Remover, a partir de 07 de fevereiro de 2020, o servidor RODRIGO ARANTES REIS &#8211; 1523865, ocupante do cargo de Professor do Magist\u00e9rio Superior, no regime de trabalho de dedica\u00e7\u00e3o exclusiva, da Coordena\u00e7\u00e3o da C\u00e2mara do Curso de Ci\u00eancias do Setor Litoral para o Departamento de Biologia Celular do Setor de Ci\u00eancias Biol\u00f3gicas, conforme Parecer Conclusivo da 1\u00aa C\u00e2mara do Conselho de Ensino, Pesquisa e Extens\u00e3o &#8211; CEPE, de 07 de fevereiro de 2020.  <!-- wp:paragraph {\"align\":\"right\"} \n\n<p style=\"text-align:right\">Ricardo Marcelo Fonseca\n<\/p>\n","protected":false},"author":49,"featured_media":0,"comment_status":"closed","ping_status":"closed","sticky":false,"template":"","format":"standard","meta":{"_acf_changed":false,"iawp_total_views":0,"footnotes":""},"categories":[117],"tags":[135],"class_list":["post-33801","post","type-post","status-publish","format-standard","hentry","category-rt","tag-remocao"],"acf":[],"_links":{"self":[{"href":"https:\/\/progepe.ufpr.br\/portarias\/wp-json\/wp\/v2\/posts\/33801","targetHints":{"allow":["GET"]}}],"collection":[{"href":"https:\/\/progepe.ufpr.br\/portarias\/wp-json\/wp\/v2\/posts"}],"about":[{"href":"https:\/\/progepe.ufpr.br\/portarias\/wp-json\/wp\/v2\/types\/post"}],"author":[{"embeddable":true,"href":"https:\/\/progepe.ufpr.br\/portarias\/wp-json\/wp\/v2\/users\/49"}],"replies":[{"embeddable":true,"href":"https:\/\/progepe.ufpr.br\/portarias\/wp-json\/wp\/v2\/comments?post=33801"}],"version-history":[{"count":1,"href":"https:\/\/progepe.ufpr.br\/portarias\/wp-json\/wp\/v2\/posts\/33801\/revisions"}],"predecessor-version":[{"id":193069,"href":"https:\/\/progepe.ufpr.br\/portarias\/wp-json\/wp\/v2\/posts\/33801\/revisions\/193069"}],"wp:attachment":[{"href":"https:\/\/progepe.ufpr.br\/portarias\/wp-json\/wp\/v2\/media?parent=33801"}],"wp:term":[{"taxonomy":"category","embeddable":true,"href":"https:\/\/progepe.ufpr.br\/portarias\/wp-json\/wp\/v2\/categories?post=33801"},{"taxonomy":"post_tag","embeddable":true,"href":"https:\/\/progepe.ufpr.br\/portarias\/wp-json\/wp\/v2\/tags?post=33801"}],"curies":[{"name":"wp","href":"https:\/\/api.w.org\/{rel}","templated":true}]}}