{"id":33807,"date":"2020-03-04T05:19:00","date_gmt":"2020-03-04T08:19:00","guid":{"rendered":"http:\/\/progepe.ufpr.br\/portal\/?post_type=portarias&#038;p=33807"},"modified":"2023-08-03T13:18:43","modified_gmt":"2023-08-03T16:18:43","slug":"rt-2020-00618","status":"publish","type":"post","link":"https:\/\/progepe.ufpr.br\/portarias\/rt-2020-00618\/","title":{"rendered":"PORTARIA N\u00ba 00618\/REITORIA, DE 04 DE MAR\u00c7O DE 2020"},"content":{"rendered":"\n<p><strong>O\nReitor da Universidade Federal do Paran\u00e1, <\/strong>no uso de suas atribui\u00e7\u00f5es e tendo em\nvista o que consta no processo n\u00ba 23075.003672\/2020-51,<\/p>\n\n\n\n<p>RESOLVE:<\/p>\n\n\n\n<p>Alterar a jornada de\ntrabalho de 40 (quarenta) horas semanais, para 30 (trinta) horas semanais, com\nremunera\u00e7\u00e3o proporcional, da servidora DEISE KALSON DA ROCHA COLUCCI &#8211; 1671990,\nocupante do cargo de Assistente em Administra\u00e7\u00e3o, lotada no Departamento de\nLetras Estrangeiras Modernas do Setor de Ci\u00eancias Humanas, a partir de 04 de\nmar\u00e7o de 2020, tendo em vista o que consta no Art. 5\u00ba da Medida Provis\u00f3ria n\u00ba\n2.174-28, de 24 de agosto de 2001.<\/p>\n\n\n\n<p style=\"text-align:right\">Ricardo\nMarcelo Fonseca<\/p>\n","protected":false},"excerpt":{"rendered":"<p>Alterar a jornada de trabalho de 40 (quarenta) horas semanais, para 30 (trinta) horas semanais, com remunera\u00e7\u00e3o proporcional, da servidora DEISE KALSON DA ROCHA COLUCCI &#8211; 1671990, ocupante do cargo de Assistente em Administra\u00e7\u00e3o, lotada no Departamento de Letras Estrangeiras Modernas do Setor de Ci\u00eancias Humanas, a partir de 04 de mar\u00e7o de 2020, tendo em vista o que consta no Art. 5\u00ba da Medida Provis\u00f3ria n\u00ba 2.174-28, de 24 de agosto de 2001.  <!-- wp:paragraph {\"align\":\"right\"} \n\n<p style=\"text-align:right\">Ricardo Marcelo Fonseca\n<\/p>\n","protected":false},"author":49,"featured_media":0,"comment_status":"closed","ping_status":"closed","sticky":false,"template":"","format":"standard","meta":{"_acf_changed":false,"iawp_total_views":0,"footnotes":""},"categories":[117],"tags":[130],"class_list":["post-33807","post","type-post","status-publish","format-standard","hentry","category-rt","tag-regime-trabalho"],"acf":[],"_links":{"self":[{"href":"https:\/\/progepe.ufpr.br\/portarias\/wp-json\/wp\/v2\/posts\/33807","targetHints":{"allow":["GET"]}}],"collection":[{"href":"https:\/\/progepe.ufpr.br\/portarias\/wp-json\/wp\/v2\/posts"}],"about":[{"href":"https:\/\/progepe.ufpr.br\/portarias\/wp-json\/wp\/v2\/types\/post"}],"author":[{"embeddable":true,"href":"https:\/\/progepe.ufpr.br\/portarias\/wp-json\/wp\/v2\/users\/49"}],"replies":[{"embeddable":true,"href":"https:\/\/progepe.ufpr.br\/portarias\/wp-json\/wp\/v2\/comments?post=33807"}],"version-history":[{"count":1,"href":"https:\/\/progepe.ufpr.br\/portarias\/wp-json\/wp\/v2\/posts\/33807\/revisions"}],"predecessor-version":[{"id":193070,"href":"https:\/\/progepe.ufpr.br\/portarias\/wp-json\/wp\/v2\/posts\/33807\/revisions\/193070"}],"wp:attachment":[{"href":"https:\/\/progepe.ufpr.br\/portarias\/wp-json\/wp\/v2\/media?parent=33807"}],"wp:term":[{"taxonomy":"category","embeddable":true,"href":"https:\/\/progepe.ufpr.br\/portarias\/wp-json\/wp\/v2\/categories?post=33807"},{"taxonomy":"post_tag","embeddable":true,"href":"https:\/\/progepe.ufpr.br\/portarias\/wp-json\/wp\/v2\/tags?post=33807"}],"curies":[{"name":"wp","href":"https:\/\/api.w.org\/{rel}","templated":true}]}}