{"id":33912,"date":"2020-03-04T10:37:00","date_gmt":"2020-03-04T13:37:00","guid":{"rendered":"http:\/\/progepe.ufpr.br\/portal\/?post_type=portarias&#038;p=33912"},"modified":"2023-08-03T12:53:59","modified_gmt":"2023-08-03T15:53:59","slug":"progepe-2020-00745","status":"publish","type":"post","link":"https:\/\/progepe.ufpr.br\/portarias\/progepe-2020-00745\/","title":{"rendered":"PORTARIA N\u00ba 00745\/PROGEPE, DE 04 DE MAR\u00c7O DE 2020"},"content":{"rendered":"\n<p><strong>O Pr\u00f3-Reitor de Gest\u00e3o de Pessoas da Universidade Federal do Paran\u00e1,<\/strong>  no uso de suas atribui\u00e7\u00f5es, tendo em vista a compet\u00eancia que lhe \u00e9  conferida pela Portaria n\u00ba 2.590, de 26 de setembro de 1997 e  considerando o que consta no processo n\u00ba 23075.000654\/1997-71, <\/p>\n\n\n\n<p>RESOLVE:<\/p>\n\n\n\n<p> Tornar sem efeito a Portaria n\u00ba 740\/PRHAE, de 29 de julho de 1998, que  averbou tempo de servi\u00e7o em favor da servidora JOENSEN TEREZINHA LIZOTT  DISPERATI \u2013 342114, considerando o contido no Ac\u00f3rd\u00e3o\u00a0\u00a0n\u00ba  2687\/2019\u00a0\u2013\u00a0TCU\u00a0\u2013\u00a01\u00aa C\u00e2mara. <\/p>\n\n\n\n<p style=\"text-align:right\"><strong>DOUGLAS ORTIZ HAMERMULLER<\/strong><\/p>\n","protected":false},"excerpt":{"rendered":"<p>Tornar sem efeito a Portaria n\u00ba 740\/PRHAE, de 29 de julho de 1998, que averbou tempo de servi\u00e7o em favor da servidora JOENSEN TEREZINHA LIZOTT DISPERATI \u2013 342114, considerando o contido no Ac\u00f3rd\u00e3o\u00a0\u00a0n\u00ba 2687\/2019\u00a0\u2013\u00a0TCU\u00a0\u2013\u00a01\u00aa C\u00e2mara.  <!-- wp:paragraph {\"align\":\"right\"} \n\n<p style=\"text-align:right\"><strong>DOUGLAS ORTIZ HAMERMULLER<\/strong>\n<\/p>\n","protected":false},"author":48,"featured_media":0,"comment_status":"closed","ping_status":"closed","sticky":false,"template":"","format":"standard","meta":{"_acf_changed":false,"iawp_total_views":1,"footnotes":""},"categories":[116],"tags":[140],"class_list":["post-33912","post","type-post","status-publish","format-standard","hentry","category-progepe","tag-averbacao-desaverbacao"],"acf":[],"_links":{"self":[{"href":"https:\/\/progepe.ufpr.br\/portarias\/wp-json\/wp\/v2\/posts\/33912","targetHints":{"allow":["GET"]}}],"collection":[{"href":"https:\/\/progepe.ufpr.br\/portarias\/wp-json\/wp\/v2\/posts"}],"about":[{"href":"https:\/\/progepe.ufpr.br\/portarias\/wp-json\/wp\/v2\/types\/post"}],"author":[{"embeddable":true,"href":"https:\/\/progepe.ufpr.br\/portarias\/wp-json\/wp\/v2\/users\/48"}],"replies":[{"embeddable":true,"href":"https:\/\/progepe.ufpr.br\/portarias\/wp-json\/wp\/v2\/comments?post=33912"}],"version-history":[{"count":1,"href":"https:\/\/progepe.ufpr.br\/portarias\/wp-json\/wp\/v2\/posts\/33912\/revisions"}],"predecessor-version":[{"id":193083,"href":"https:\/\/progepe.ufpr.br\/portarias\/wp-json\/wp\/v2\/posts\/33912\/revisions\/193083"}],"wp:attachment":[{"href":"https:\/\/progepe.ufpr.br\/portarias\/wp-json\/wp\/v2\/media?parent=33912"}],"wp:term":[{"taxonomy":"category","embeddable":true,"href":"https:\/\/progepe.ufpr.br\/portarias\/wp-json\/wp\/v2\/categories?post=33912"},{"taxonomy":"post_tag","embeddable":true,"href":"https:\/\/progepe.ufpr.br\/portarias\/wp-json\/wp\/v2\/tags?post=33912"}],"curies":[{"name":"wp","href":"https:\/\/api.w.org\/{rel}","templated":true}]}}