{"id":34032,"date":"2020-03-09T05:00:00","date_gmt":"2020-03-09T08:00:00","guid":{"rendered":"http:\/\/progepe.ufpr.br\/portal\/?post_type=portarias&#038;p=34032"},"modified":"2025-02-19T09:31:18","modified_gmt":"2025-02-19T12:31:18","slug":"rt-2020-00657","status":"publish","type":"post","link":"https:\/\/progepe.ufpr.br\/portarias\/rt-2020-00657\/","title":{"rendered":"PORTARIA N\u00ba 00657\/REITORIA, DE 09 DE MAR\u00c7O DE 2020"},"content":{"rendered":"\n<p style=\"padding-left:43%\">O Reitor da Universidade Federal do Paran\u00e1, no uso de suas atribui\u00e7\u00f5es e tendo em vista o que consta no processo n\u00ba 23075.074373\/2019-67,<\/p>\n\n\n\n<p style=\"padding-left:43%\"><strong>RESOLVE:<\/strong><\/p>\n\n\n\n<p>Retificar a <a href=\"https:\/\/progepe.ufpr.br\/portarias\/rt-2020-00493\/\" data-type=\"post\" data-id=\"33771\">Portaria n\u00ba 493\/REITORIA, de 18 de fevereiro de 2020<\/a>:<\/p>\n\n\n\n<p style=\"padding-left:var(--wp--preset--spacing--30)\">Onde se l\u00ea: PORTARIA N\u00ba 491, DE 18 DE&nbsp;FEVEREIRO DE 2020.<\/p>\n\n\n\n<p style=\"padding-left:var(--wp--preset--spacing--30)\">Leia-se: PORTARIA N\u00ba 493, DE 18 DE&nbsp;FEVEREIRO DE 2020.<\/p>\n","protected":false},"excerpt":{"rendered":"<p>Retificar a Portaria n\u00ba 493\/REITORIA, de 18 de fevereiro de 2020:  <!-- wp:paragraph {\"style\":{\"spacing\":{\"padding\":{\"left\":\"var:preset|spacing|30\"}}}} \n\n<p style=\"padding-left:var(--wp--preset--spacing--30)\">Onde se l\u00ea: PORTARIA N\u00ba 491, DE 18 DE\u00a0FEVEREIRO DE 2020.  <!-- wp:paragraph {\"style\":{\"spacing\":{\"padding\":{\"left\":\"var:preset|spacing|30\"}}}} \n\n<p style=\"padding-left:var(--wp--preset--spacing--30)\">Leia-se: PORTARIA N\u00ba 493, DE 18 DE\u00a0FEVEREIRO DE 2020.\n<\/p>\n","protected":false},"author":50,"featured_media":0,"comment_status":"closed","ping_status":"closed","sticky":false,"template":"","format":"standard","meta":{"_acf_changed":false,"iawp_total_views":0,"footnotes":""},"categories":[117],"tags":[120],"class_list":["post-34032","post","type-post","status-publish","format-standard","hentry","category-rt","tag-funcao"],"acf":[],"_links":{"self":[{"href":"https:\/\/progepe.ufpr.br\/portarias\/wp-json\/wp\/v2\/posts\/34032","targetHints":{"allow":["GET"]}}],"collection":[{"href":"https:\/\/progepe.ufpr.br\/portarias\/wp-json\/wp\/v2\/posts"}],"about":[{"href":"https:\/\/progepe.ufpr.br\/portarias\/wp-json\/wp\/v2\/types\/post"}],"author":[{"embeddable":true,"href":"https:\/\/progepe.ufpr.br\/portarias\/wp-json\/wp\/v2\/users\/50"}],"replies":[{"embeddable":true,"href":"https:\/\/progepe.ufpr.br\/portarias\/wp-json\/wp\/v2\/comments?post=34032"}],"version-history":[{"count":3,"href":"https:\/\/progepe.ufpr.br\/portarias\/wp-json\/wp\/v2\/posts\/34032\/revisions"}],"predecessor-version":[{"id":258301,"href":"https:\/\/progepe.ufpr.br\/portarias\/wp-json\/wp\/v2\/posts\/34032\/revisions\/258301"}],"wp:attachment":[{"href":"https:\/\/progepe.ufpr.br\/portarias\/wp-json\/wp\/v2\/media?parent=34032"}],"wp:term":[{"taxonomy":"category","embeddable":true,"href":"https:\/\/progepe.ufpr.br\/portarias\/wp-json\/wp\/v2\/categories?post=34032"},{"taxonomy":"post_tag","embeddable":true,"href":"https:\/\/progepe.ufpr.br\/portarias\/wp-json\/wp\/v2\/tags?post=34032"}],"curies":[{"name":"wp","href":"https:\/\/api.w.org\/{rel}","templated":true}]}}