{"id":34494,"date":"2020-03-04T10:06:00","date_gmt":"2020-03-04T13:06:00","guid":{"rendered":"http:\/\/progepe.ufpr.br\/portal\/?post_type=portarias&#038;p=34494"},"modified":"2023-08-03T12:53:56","modified_gmt":"2023-08-03T15:53:56","slug":"progepe-2020-00714","status":"publish","type":"post","link":"https:\/\/progepe.ufpr.br\/portarias\/progepe-2020-00714\/","title":{"rendered":"PORTARIA N\u00ba 00714\/PROGEPE, DE 04 DE MAR\u00c7O DE 2020"},"content":{"rendered":"\n<p style=\"padding-left:43%\">O Pr\u00f3-Reitor de Gest\u00e3o de Pessoas da Universidade Federal do Paran\u00e1, no uso de suas atribui\u00e7\u00f5es, tendo em vista a compet\u00eancia que lhe \u00e9 conferida pela Portaria n\u00ba 2.590, de 26 de setembro de 1997; o que consta no Art. 100 e 103 da Lei n\u00ba 8.112\/90 e ainda o contido no processo n\u00ba 23075.011664\/2020-88,<\/p>\n\n\n\n<p style=\"padding-left:43%\"><strong>RESOLVE:<\/strong><\/p>\n\n\n\n<p>Averbar, a partir de 20 de fevereiro de 2020, em favor da servidora DJENANE THANS DA SILVA &#8211; 1437794, ocupante do cargo de Auxiliar de Enfermagem, lotada na Se\u00e7\u00e3o Doador do Hospital de Cl\u00ednicas, o tempo de servi\u00e7o abaixo listado, para fins de:<\/p>\n\n\n\n<p>Aposentadoria e disponibilidade:<\/p>\n\n\n\n<figure class=\"wp-block-table\"><table><tbody><tr><td>EMPRESA<\/td><td>PER\u00cdODO<\/td><td>TOTAL DE DIAS<\/td><\/tr><tr><td>SOCIEDADE EVANGELICA BENEFICENTE DE CURITIBA<\/td><td>19\/03\/2001 a 14\/09\/2001<\/td><td>180<\/td><\/tr><tr><td>MATERNIDADE CURITIBA LTDA<\/td><td>04\/03\/2002 a 04\/04\/2002<\/td><td>32<\/td><\/tr><tr><td>PREFEITURA MUNICIPAL DE CURITIBA<\/td><td>05\/04\/2002 a 04\/01\/2004<\/td><td>640<\/td><\/tr><\/tbody><\/table><\/figure>\n","protected":false},"excerpt":{"rendered":"<p>Averbar, a partir de 20 de fevereiro de 2020, em favor da servidora DJENANE THANS DA SILVA &#8211; 1437794, ocupante do cargo de Auxiliar de Enfermagem, lotada na Se\u00e7\u00e3o Doador do Hospital de Cl\u00ednicas, o tempo de servi\u00e7o abaixo listado, para fins de:  Aposentadoria e disponibilidade:  <!-- wp:table \n\n<figure class=\"wp-block-table\">\n\n<table>\n\n<tbody>\n\n<tr>\n\n<td>EMPRESA<\/td>\n\n\n\n<td>PER\u00cdODO<\/td>\n\n\n\n<td>TOTAL DE DIAS<\/td>\n\n<\/tr>\n\n\n\n<tr>\n\n<td>SOCIEDADE EVANGELICA BENEFICENTE DE CURITIBA<\/td>\n\n\n\n<td>19\/03\/2001 a 14\/09\/2001<\/td>\n\n\n\n<td>180<\/td>\n\n<\/tr>\n\n\n\n<tr>\n\n<td>MATERNIDADE CURITIBA LTDA<\/td>\n\n\n\n<td>04\/03\/2002 a 04\/04\/2002<\/td>\n\n\n\n<td>32<\/td>\n\n<\/tr>\n\n\n\n<tr>\n\n<td>PREFEITURA MUNICIPAL DE CURITIBA<\/td>\n\n\n\n<td>05\/04\/2002 a 04\/01\/2004<\/td>\n\n\n\n<td>640<\/td>\n\n<\/tr>\n\n<\/tbody>\n\n<\/table>\n\n<\/figure>\n\n <!-- \/wp:table\n<\/p>\n","protected":false},"author":48,"featured_media":0,"comment_status":"closed","ping_status":"closed","sticky":false,"template":"","format":"standard","meta":{"_acf_changed":false,"iawp_total_views":0,"footnotes":""},"categories":[116],"tags":[140],"class_list":["post-34494","post","type-post","status-publish","format-standard","hentry","category-progepe","tag-averbacao-desaverbacao"],"acf":[],"_links":{"self":[{"href":"https:\/\/progepe.ufpr.br\/portarias\/wp-json\/wp\/v2\/posts\/34494","targetHints":{"allow":["GET"]}}],"collection":[{"href":"https:\/\/progepe.ufpr.br\/portarias\/wp-json\/wp\/v2\/posts"}],"about":[{"href":"https:\/\/progepe.ufpr.br\/portarias\/wp-json\/wp\/v2\/types\/post"}],"author":[{"embeddable":true,"href":"https:\/\/progepe.ufpr.br\/portarias\/wp-json\/wp\/v2\/users\/48"}],"replies":[{"embeddable":true,"href":"https:\/\/progepe.ufpr.br\/portarias\/wp-json\/wp\/v2\/comments?post=34494"}],"version-history":[{"count":6,"href":"https:\/\/progepe.ufpr.br\/portarias\/wp-json\/wp\/v2\/posts\/34494\/revisions"}],"predecessor-version":[{"id":187172,"href":"https:\/\/progepe.ufpr.br\/portarias\/wp-json\/wp\/v2\/posts\/34494\/revisions\/187172"}],"wp:attachment":[{"href":"https:\/\/progepe.ufpr.br\/portarias\/wp-json\/wp\/v2\/media?parent=34494"}],"wp:term":[{"taxonomy":"category","embeddable":true,"href":"https:\/\/progepe.ufpr.br\/portarias\/wp-json\/wp\/v2\/categories?post=34494"},{"taxonomy":"post_tag","embeddable":true,"href":"https:\/\/progepe.ufpr.br\/portarias\/wp-json\/wp\/v2\/tags?post=34494"}],"curies":[{"name":"wp","href":"https:\/\/api.w.org\/{rel}","templated":true}]}}