{"id":34749,"date":"2020-03-03T10:13:00","date_gmt":"2020-03-03T13:13:00","guid":{"rendered":"http:\/\/progepe.ufpr.br\/portal\/?post_type=portarias&#038;p=34749"},"modified":"2023-08-03T12:53:52","modified_gmt":"2023-08-03T15:53:52","slug":"progepe-2020-00688","status":"publish","type":"post","link":"https:\/\/progepe.ufpr.br\/portarias\/progepe-2020-00688\/","title":{"rendered":"PORTARIA N\u00ba 00688\/PROGEPE, DE 03 DE MAR\u00c7O DE 2020"},"content":{"rendered":"\n<p><strong>O Pr\u00f3-Reitor de Gest\u00e3o de Pessoas da Universidade Federal do Paran\u00e1, <\/strong>no  uso de suas atribui\u00e7\u00f5es, tendo em vista a compet\u00eancia que lhe \u00e9  conferida pela Portaria n\u00ba 2.590, de 26 de setembro de 1997, de acordo  com o Art. 10, \u00a7 1\u00ba e 4\u00ba da Lei n\u00ba 11.091\/05; Art. 4\u00ba \u00a7 1\u00ba do Decreto n\u00ba  5.824\/06; Portaria MEC 09\/06; Portaria MEC 39\/11; Parecer MEC  50151\/2015\/DCC\/COLEP\/CGGP\/SAA; Portaria n\u00ba 18.908\/PROGEPE, de  16.08.2016; e, ainda o contido no processo n\u00ba 23075.077776\/2019-68, <\/p>\n\n\n\n<p>RESOLVE:<\/p>\n\n\n\n<p>I. Conceder progress\u00e3o por capacita\u00e7\u00e3o \nprofissional \u00e0 servidora KELLY AKEMI SUZUKI GIZZI \u2013 2344048, ocupante do\n cargo de Nutricionista Habilita\u00e7\u00e3o, lotada no Restaurante Universit\u00e1rio\n da Pr\u00f3-Reitoria de Administra\u00e7\u00e3o, do n\u00edvel E-02 para o E-03 padr\u00e3o de \nVencimento 03, a partir de 11 de novembro de 2019, conforme Parecer da \nUnidade de An\u00e1lise de T\u00edtulos (2481055), no processo n\u00ba \n23075.077776\/2019-68.<\/p>\n\n\n\n<p>II. A citada servidora acumula para a pr\u00f3xima progress\u00e3o por capacita\u00e7\u00e3o 120 h (cento e vinte horas).<\/p>\n\n\n\n<p style=\"text-align:right\"><strong>DOUGLAS ORTIZ HAMERMULLER<\/strong><\/p>\n\n\n\n<hr class=\"wp-block-separator\" \/>\n","protected":false},"excerpt":{"rendered":"<p>I. Conceder progress\u00e3o por capacita\u00e7\u00e3o profissional \u00e0 servidora KELLY AKEMI SUZUKI GIZZI \u2013 2344048, ocupante do cargo de Nutricionista Habilita\u00e7\u00e3o, lotada no Restaurante Universit\u00e1rio da Pr\u00f3-Reitoria de Administra\u00e7\u00e3o, do n\u00edvel E-02 para o E-03 padr\u00e3o de Vencimento 03, a partir de 11 de novembro de 2019, conforme Parecer da Unidade de An\u00e1lise de T\u00edtulos (2481055), no processo n\u00ba 23075.077776\/2019-68.  II. A citada servidora acumula para a pr\u00f3xima progress\u00e3o por capacita\u00e7\u00e3o 120 h (cento e vinte horas).  <!-- wp:paragraph {\"align\":\"right\"} \n\n<p style=\"text-align:right\"><strong>DOUGLAS ORTIZ HAMERMULLER<\/strong>  <!-- wp:separator \n\n<hr class=\"wp-block-separator\" \/> <!-- \/wp:separator\n<\/p>\n","protected":false},"author":48,"featured_media":0,"comment_status":"closed","ping_status":"closed","sticky":false,"template":"","format":"standard","meta":{"_acf_changed":false,"iawp_total_views":0,"footnotes":""},"categories":[116],"tags":[143],"class_list":["post-34749","post","type-post","status-publish","format-standard","hentry","category-progepe","tag-progressao-promocao"],"acf":[],"_links":{"self":[{"href":"https:\/\/progepe.ufpr.br\/portarias\/wp-json\/wp\/v2\/posts\/34749","targetHints":{"allow":["GET"]}}],"collection":[{"href":"https:\/\/progepe.ufpr.br\/portarias\/wp-json\/wp\/v2\/posts"}],"about":[{"href":"https:\/\/progepe.ufpr.br\/portarias\/wp-json\/wp\/v2\/types\/post"}],"author":[{"embeddable":true,"href":"https:\/\/progepe.ufpr.br\/portarias\/wp-json\/wp\/v2\/users\/48"}],"replies":[{"embeddable":true,"href":"https:\/\/progepe.ufpr.br\/portarias\/wp-json\/wp\/v2\/comments?post=34749"}],"version-history":[{"count":1,"href":"https:\/\/progepe.ufpr.br\/portarias\/wp-json\/wp\/v2\/posts\/34749\/revisions"}],"predecessor-version":[{"id":193174,"href":"https:\/\/progepe.ufpr.br\/portarias\/wp-json\/wp\/v2\/posts\/34749\/revisions\/193174"}],"wp:attachment":[{"href":"https:\/\/progepe.ufpr.br\/portarias\/wp-json\/wp\/v2\/media?parent=34749"}],"wp:term":[{"taxonomy":"category","embeddable":true,"href":"https:\/\/progepe.ufpr.br\/portarias\/wp-json\/wp\/v2\/categories?post=34749"},{"taxonomy":"post_tag","embeddable":true,"href":"https:\/\/progepe.ufpr.br\/portarias\/wp-json\/wp\/v2\/tags?post=34749"}],"curies":[{"name":"wp","href":"https:\/\/api.w.org\/{rel}","templated":true}]}}