{"id":34779,"date":"2020-03-05T05:04:00","date_gmt":"2020-03-05T08:04:00","guid":{"rendered":"http:\/\/progepe.ufpr.br\/portal\/?post_type=portarias&#038;p=34779"},"modified":"2023-08-03T13:18:44","modified_gmt":"2023-08-03T16:18:44","slug":"rt-2020-00625","status":"publish","type":"post","link":"https:\/\/progepe.ufpr.br\/portarias\/rt-2020-00625\/","title":{"rendered":"PORTARIA N\u00ba 00625\/REITORIA, DE 05 DE MAR\u00c7O DE 2020"},"content":{"rendered":"\n<p><strong>O Reitor da Universidade Federal do Paran\u00e1, <\/strong>no uso de suas\natribui\u00e7\u00f5es considerando o que consta no Art. 9\u00ba, inciso II da Lei n\u00ba 8.112\/90\ne tendo em vista o que consta no processo n\u00ba 23075.013415\/2020-27,<\/p>\n\n\n\n<p>RESOLVE:<\/p>\n\n\n\n<p>I.\nNomear, a partir da data de publica\u00e7\u00e3o em DOU, a servidora THAIS\nKRUCHELSKI GUGELMIN &#8211; 2270360,\nAdministradora, lotada no Departamento de Administra\u00e7\u00e3o de Pessoal da\nPr\u00f3-Reitoria de Gest\u00e3o de Pessoas, para exercer o Cargo de Dire\u00e7\u00e3o de Assessor,\nCD-04, da Assessoria da Pr\u00f3-Reitoria de Gest\u00e3o de Pessoas, autorizado pela\nMedida Provis\u00f3ria n\u00ba 1.534\/96, regulamentada pela Portaria Interministerial n\u00ba\n1.407\/96-MEC\/MARE.<\/p>\n\n\n\n<p>II. A\ncitada servidora cumprir\u00e1, obrigatoriamente, o regime de trabalho de tempo\nintegral, de acordo com o disposto no \u00a7 5\u00ba, Art. 1\u00ba da Lei n\u00ba 8.168\/91.<\/p>\n\n\n\n<p>III. A\nlota\u00e7\u00e3o da servidora volta a ser no Departamento de Administra\u00e7\u00e3o de Pessoal da\nPr\u00f3-Reitoria de Gest\u00e3o de Pessoas, a partir da data em que for exonerada do\nCargo de Dire\u00e7\u00e3o citado no item I.<\/p>\n\n\n\n<p style=\"text-align:right\">Ricardo\nMarcelo Fonseca<\/p>\n","protected":false},"excerpt":{"rendered":"<p>I. Nomear, a partir da data de publica\u00e7\u00e3o em DOU, a servidora THAIS KRUCHELSKI GUGELMIN &#8211; 2270360, Administradora, lotada no Departamento de Administra\u00e7\u00e3o de Pessoal da Pr\u00f3-Reitoria de Gest\u00e3o de Pessoas, para exercer o Cargo de Dire\u00e7\u00e3o de Assessor, CD-04, da Assessoria da Pr\u00f3-Reitoria de Gest\u00e3o de Pessoas, autorizado pela Medida Provis\u00f3ria n\u00ba 1.534\/96, regulamentada pela Portaria Interministerial n\u00ba 1.407\/96-MEC\/MARE.  II. A citada servidora cumprir\u00e1, obrigatoriamente, o regime de trabalho de tempo integral, de acordo com o disposto no \u00a7 5\u00ba, Art. 1\u00ba da Lei n\u00ba 8.168\/91.  III. A lota\u00e7\u00e3o da servidora volta a ser no<\/p>\n","protected":false},"author":49,"featured_media":0,"comment_status":"closed","ping_status":"closed","sticky":false,"template":"","format":"standard","meta":{"_acf_changed":false,"iawp_total_views":1,"footnotes":""},"categories":[117],"tags":[120],"class_list":["post-34779","post","type-post","status-publish","format-standard","hentry","category-rt","tag-funcao"],"acf":[],"_links":{"self":[{"href":"https:\/\/progepe.ufpr.br\/portarias\/wp-json\/wp\/v2\/posts\/34779","targetHints":{"allow":["GET"]}}],"collection":[{"href":"https:\/\/progepe.ufpr.br\/portarias\/wp-json\/wp\/v2\/posts"}],"about":[{"href":"https:\/\/progepe.ufpr.br\/portarias\/wp-json\/wp\/v2\/types\/post"}],"author":[{"embeddable":true,"href":"https:\/\/progepe.ufpr.br\/portarias\/wp-json\/wp\/v2\/users\/49"}],"replies":[{"embeddable":true,"href":"https:\/\/progepe.ufpr.br\/portarias\/wp-json\/wp\/v2\/comments?post=34779"}],"version-history":[{"count":1,"href":"https:\/\/progepe.ufpr.br\/portarias\/wp-json\/wp\/v2\/posts\/34779\/revisions"}],"predecessor-version":[{"id":193177,"href":"https:\/\/progepe.ufpr.br\/portarias\/wp-json\/wp\/v2\/posts\/34779\/revisions\/193177"}],"wp:attachment":[{"href":"https:\/\/progepe.ufpr.br\/portarias\/wp-json\/wp\/v2\/media?parent=34779"}],"wp:term":[{"taxonomy":"category","embeddable":true,"href":"https:\/\/progepe.ufpr.br\/portarias\/wp-json\/wp\/v2\/categories?post=34779"},{"taxonomy":"post_tag","embeddable":true,"href":"https:\/\/progepe.ufpr.br\/portarias\/wp-json\/wp\/v2\/tags?post=34779"}],"curies":[{"name":"wp","href":"https:\/\/api.w.org\/{rel}","templated":true}]}}