{"id":34794,"date":"2020-03-05T05:30:00","date_gmt":"2020-03-05T08:30:00","guid":{"rendered":"http:\/\/progepe.ufpr.br\/portal\/?post_type=portarias&#038;p=34794"},"modified":"2023-08-03T13:18:48","modified_gmt":"2023-08-03T16:18:48","slug":"rt-2020-00651","status":"publish","type":"post","link":"https:\/\/progepe.ufpr.br\/portarias\/rt-2020-00651\/","title":{"rendered":"PORTARIA N\u00ba 00651\/REITORIA, DE 05 DE MAR\u00c7O DE 2020"},"content":{"rendered":"\n<p><strong>O Reitor da Universidade Federal\ndo Paran\u00e1, <\/strong>no uso de suas\natribui\u00e7\u00f5es, tendo em vista o que consta no artigo 50, \u00a7 \u00danico do Regimento\nGeral desta Universidade e o que consta no processo n\u00ba 23075.012575\/2020-59,<\/p>\n\n\n\n<p>RESOLVE:<\/p>\n\n\n\n<p>I.\nNomear o servidor FABIO SIMONELLI\n&#8211; 343937, Professor\ndo Magist\u00e9rio Superior, lotado no Departamento de Qu\u00edmica do Setor de Ci\u00eancias\nExatas, no regime de trabalho de dedica\u00e7\u00e3o exclusiva, para exercer a Fun\u00e7\u00e3o\nComissionada de Coordenador de Curso de P\u00f3s-Gradua\u00e7\u00e3o, FCC, do Setor de Ci\u00eancias\nExatas (Programa de P\u00f3s-Gradua\u00e7\u00e3o em Qu\u00edmica em Rede Nacional &#8211; Mestrado\nProfissional PROFQUI), autorizada pela Lei n\u00ba 12.677, de\n25 de junho de 2012, publicada no DOU de 26.06.2012 e Portaria do MEC n\u00ba 1.172,\nde 17 de setembro de 2012, pelo per\u00edodo de 02 (dois) anos, a partir da data de publica\u00e7\u00e3o\nem DOU, de acordo com a Lei n\u00ba 9.527\/97.<\/p>\n\n\n\n<p>II. O mencionado servidor cumprir\u00e1, obrigatoriamente, o\nregime de trabalho de tempo integral, de acordo com o disposto no \u00a7 5\u00ba, artigo\n1\u00ba da Lei n\u00ba 8.168\/91.<\/p>\n\n\n\n<p style=\"text-align:right\">Ricardo Marcelo Fonseca<\/p>\n","protected":false},"excerpt":{"rendered":"<p>I. Nomear o servidor FABIO SIMONELLI &#8211; 343937, Professor do Magist\u00e9rio Superior, lotado no Departamento de Qu\u00edmica do Setor de Ci\u00eancias Exatas, no regime de trabalho de dedica\u00e7\u00e3o exclusiva, para exercer a Fun\u00e7\u00e3o Comissionada de Coordenador de Curso de P\u00f3s-Gradua\u00e7\u00e3o, FCC, do Setor de Ci\u00eancias Exatas (Programa de P\u00f3s-Gradua\u00e7\u00e3o em Qu\u00edmica em Rede Nacional &#8211; Mestrado Profissional PROFQUI), autorizada pela Lei n\u00ba 12.677, de 25 de junho de 2012, publicada no DOU de 26.06.2012 e Portaria do MEC n\u00ba 1.172, de 17 de setembro de 2012, pelo per\u00edodo de 02 (dois) anos, a partir da data de publica\u00e7\u00e3o<\/p>\n","protected":false},"author":49,"featured_media":0,"comment_status":"closed","ping_status":"closed","sticky":false,"template":"","format":"standard","meta":{"_acf_changed":false,"iawp_total_views":0,"footnotes":""},"categories":[117],"tags":[120],"class_list":["post-34794","post","type-post","status-publish","format-standard","hentry","category-rt","tag-funcao"],"acf":[],"_links":{"self":[{"href":"https:\/\/progepe.ufpr.br\/portarias\/wp-json\/wp\/v2\/posts\/34794","targetHints":{"allow":["GET"]}}],"collection":[{"href":"https:\/\/progepe.ufpr.br\/portarias\/wp-json\/wp\/v2\/posts"}],"about":[{"href":"https:\/\/progepe.ufpr.br\/portarias\/wp-json\/wp\/v2\/types\/post"}],"author":[{"embeddable":true,"href":"https:\/\/progepe.ufpr.br\/portarias\/wp-json\/wp\/v2\/users\/49"}],"replies":[{"embeddable":true,"href":"https:\/\/progepe.ufpr.br\/portarias\/wp-json\/wp\/v2\/comments?post=34794"}],"version-history":[{"count":1,"href":"https:\/\/progepe.ufpr.br\/portarias\/wp-json\/wp\/v2\/posts\/34794\/revisions"}],"predecessor-version":[{"id":193178,"href":"https:\/\/progepe.ufpr.br\/portarias\/wp-json\/wp\/v2\/posts\/34794\/revisions\/193178"}],"wp:attachment":[{"href":"https:\/\/progepe.ufpr.br\/portarias\/wp-json\/wp\/v2\/media?parent=34794"}],"wp:term":[{"taxonomy":"category","embeddable":true,"href":"https:\/\/progepe.ufpr.br\/portarias\/wp-json\/wp\/v2\/categories?post=34794"},{"taxonomy":"post_tag","embeddable":true,"href":"https:\/\/progepe.ufpr.br\/portarias\/wp-json\/wp\/v2\/tags?post=34794"}],"curies":[{"name":"wp","href":"https:\/\/api.w.org\/{rel}","templated":true}]}}