{"id":34929,"date":"2020-03-02T10:11:00","date_gmt":"2020-03-02T13:11:00","guid":{"rendered":"http:\/\/progepe.ufpr.br\/portal\/?post_type=portarias&#038;p=34929"},"modified":"2023-08-03T12:53:50","modified_gmt":"2023-08-03T15:53:50","slug":"progepe-2020-00669","status":"publish","type":"post","link":"https:\/\/progepe.ufpr.br\/portarias\/progepe-2020-00669\/","title":{"rendered":"PORTARIA N\u00ba 00669\/PROGEPE, DE 02 DE MAR\u00c7O DE 2020"},"content":{"rendered":"\n<p><strong>O Pr\u00f3-Reitor de Gest\u00e3o de Pessoas da Universidade Federal do Paran\u00e1,<\/strong>  no uso de suas atribui\u00e7\u00f5es, tendo em vista a compet\u00eancia que lhe \u00e9  conferida pela Portaria n\u00ba 2.590, de 26 de setembro de 1997,  considerando o que consta na Resolu\u00e7\u00e3o n\u00ba 10\/2014-CEPE e ainda o que  consta no processo n\u00ba 23075.010679\/2020-29,<\/p>\n\n\n\n<p>RESOLVE:<\/p>\n\n\n\n<p>I. Conceder acelera\u00e7\u00e3o da promo\u00e7\u00e3o ao \nservidor SIDMAR DOS SANTOS MEURER \u2013 2688562, ocupante do cargo de \nProfessor do Magist\u00e9rio Superior, lotado no Departamento de Teoria e \nPr\u00e1tica de Ensino do Setor de Educa\u00e7\u00e3o, do n\u00edvel 5-01 da classe B &#8211; \nAssistente para o n\u00edvel 6-01 da classe C \u2013 Adjunto, a partir de 17 de \noutubro de 2019.<\/p>\n\n\n\n<p>II. A progress\u00e3o subsequente ser\u00e1 a partir de 17 de outubro de 2021, conforme o \u00a72 do artigo 4\u00ba da resolu\u00e7\u00e3o 10\/14.<\/p>\n\n\n\n<p>III. Conceder retribui\u00e7\u00e3o por titula\u00e7\u00e3o, de  acordo com o Artigo 16 da Lei n\u00ba 12.772\/12, a partir de 17 de outubro  de 2019, ao referido servidor, tendo em vista a obten\u00e7\u00e3o do T\u00edtulo de  Doutor em Educa\u00e7\u00e3o.<\/p>\n\n\n\n<p style=\"text-align:right\"><strong>DOUGLAS ORTIZ HAMERMULLER<\/strong><\/p>\n","protected":false},"excerpt":{"rendered":"<p>I. Conceder acelera\u00e7\u00e3o da promo\u00e7\u00e3o ao servidor SIDMAR DOS SANTOS MEURER \u2013 2688562, ocupante do cargo de Professor do Magist\u00e9rio Superior, lotado no Departamento de Teoria e Pr\u00e1tica de Ensino do Setor de Educa\u00e7\u00e3o, do n\u00edvel 5-01 da classe B &#8211; Assistente para o n\u00edvel 6-01 da classe C \u2013 Adjunto, a partir de 17 de outubro de 2019.  II. A progress\u00e3o subsequente ser\u00e1 a partir de 17 de outubro de 2021, conforme o \u00a72 do artigo 4\u00ba da resolu\u00e7\u00e3o 10\/14.  III. Conceder retribui\u00e7\u00e3o por titula\u00e7\u00e3o, de acordo com o Artigo 16 da Lei n\u00ba 12.772\/12,<\/p>\n","protected":false},"author":48,"featured_media":0,"comment_status":"closed","ping_status":"closed","sticky":false,"template":"","format":"standard","meta":{"_acf_changed":false,"iawp_total_views":0,"footnotes":""},"categories":[116],"tags":[138],"class_list":["post-34929","post","type-post","status-publish","format-standard","hentry","category-progepe","tag-aceleracao-promocao"],"acf":[],"_links":{"self":[{"href":"https:\/\/progepe.ufpr.br\/portarias\/wp-json\/wp\/v2\/posts\/34929","targetHints":{"allow":["GET"]}}],"collection":[{"href":"https:\/\/progepe.ufpr.br\/portarias\/wp-json\/wp\/v2\/posts"}],"about":[{"href":"https:\/\/progepe.ufpr.br\/portarias\/wp-json\/wp\/v2\/types\/post"}],"author":[{"embeddable":true,"href":"https:\/\/progepe.ufpr.br\/portarias\/wp-json\/wp\/v2\/users\/48"}],"replies":[{"embeddable":true,"href":"https:\/\/progepe.ufpr.br\/portarias\/wp-json\/wp\/v2\/comments?post=34929"}],"version-history":[{"count":1,"href":"https:\/\/progepe.ufpr.br\/portarias\/wp-json\/wp\/v2\/posts\/34929\/revisions"}],"predecessor-version":[{"id":193192,"href":"https:\/\/progepe.ufpr.br\/portarias\/wp-json\/wp\/v2\/posts\/34929\/revisions\/193192"}],"wp:attachment":[{"href":"https:\/\/progepe.ufpr.br\/portarias\/wp-json\/wp\/v2\/media?parent=34929"}],"wp:term":[{"taxonomy":"category","embeddable":true,"href":"https:\/\/progepe.ufpr.br\/portarias\/wp-json\/wp\/v2\/categories?post=34929"},{"taxonomy":"post_tag","embeddable":true,"href":"https:\/\/progepe.ufpr.br\/portarias\/wp-json\/wp\/v2\/tags?post=34929"}],"curies":[{"name":"wp","href":"https:\/\/api.w.org\/{rel}","templated":true}]}}