{"id":35151,"date":"2020-03-06T20:02:00","date_gmt":"2020-03-06T23:02:00","guid":{"rendered":"http:\/\/progepe.ufpr.br\/portal\/?post_type=portarias&#038;p=35151"},"modified":"2023-08-03T11:03:13","modified_gmt":"2023-08-03T14:03:13","slug":"dd-2020-00631","status":"publish","type":"post","link":"https:\/\/progepe.ufpr.br\/portarias\/dd-2020-00631\/","title":{"rendered":"PORTARIA N\u00ba 00631\/DD, DE 06 DE MAR\u00c7O DE 2020"},"content":{"rendered":"\n<p><strong>O Diretor Disciplinar da\nUniversidade Federal do Paran\u00e1, <\/strong>no uso de suas atribui\u00e7\u00f5es, tendo em\nvista a compet\u00eancia que lhe \u00e9 conferida pela Portaria n\u00ba 593\/REITORIA, de 28 de\nagosto de 2017, o disposto nos artigos 143 e 145 da Lei n\u00ba 8.112, de 11 de\ndezembro de 1990, nos artigos 30 e 31 da Instru\u00e7\u00e3o Normativa CGU n\u00ba 14, de 14\nde novembro de 2018, e o que consta no Processo 23075.027033\/2019-47, &nbsp;<\/p>\n\n\n\n<p>RESOLVE:<\/p>\n\n\n\n<p>Designar\nos servidores CASSIUS CARVALHO TORRES-PEREIRA \u2014 3206409, Professor do\nMagist\u00e9rio Superior, lotado no Departamento de Estomatologia do Setor de\nCi\u00eancias da Sa\u00fade; e LETICIA BETERO \u2014 1577378, Assistente em Administra\u00e7\u00e3o,\nlotada na Coordena\u00e7\u00e3o do Curso de Pedagogia do Setor de Educa\u00e7\u00e3o, para, sob a\npresid\u00eancia do primeiro, constitu\u00edrem Comiss\u00e3o de Sindic\u00e2ncia Acusat\u00f3ria, com\nvistas a dar continuidade, no prazo de 30 (trinta) dias, aos trabalhos de\napura\u00e7\u00e3o dos fatos de que trata o Processo 23075.027033\/2019-47, com\naproveitamento de todos os atos praticados e provas colhidas at\u00e9 o presente\nmomento, bem como proceder ao exame dos atos e fatos conexos que emergirem no\ndecorrer dos trabalhos.<\/p>\n\n\n\n<p style=\"text-align:right\">MANOEL ROBERTO SILVA DE SOUZA <\/p>\n\n\n\n<p style=\"text-align:right\">Diretor Disciplinar <\/p>\n","protected":false},"excerpt":{"rendered":"<p>Designar os servidores CASSIUS CARVALHO TORRES-PEREIRA \u2014 3206409, Professor do Magist\u00e9rio Superior, lotado no Departamento de Estomatologia do Setor de Ci\u00eancias da Sa\u00fade; e LETICIA BETERO \u2014 1577378, Assistente em Administra\u00e7\u00e3o, lotada na Coordena\u00e7\u00e3o do Curso de Pedagogia do Setor de Educa\u00e7\u00e3o, para, sob a presid\u00eancia do primeiro, constitu\u00edrem Comiss\u00e3o de Sindic\u00e2ncia Acusat\u00f3ria, com vistas a dar continuidade, no prazo de 30 (trinta) dias, aos trabalhos de apura\u00e7\u00e3o dos fatos de que trata o Processo 23075.027033\/2019-47, com aproveitamento de todos os atos praticados e provas colhidas at\u00e9 o presente momento, bem como proceder ao exame dos atos e<\/p>\n","protected":false},"author":12,"featured_media":0,"comment_status":"closed","ping_status":"closed","sticky":false,"template":"","format":"standard","meta":{"_acf_changed":false,"iawp_total_views":0,"footnotes":""},"categories":[118],"tags":[132],"class_list":["post-35151","post","type-post","status-publish","format-standard","hentry","category-dd","tag-pad-sindicancia"],"acf":[],"_links":{"self":[{"href":"https:\/\/progepe.ufpr.br\/portarias\/wp-json\/wp\/v2\/posts\/35151","targetHints":{"allow":["GET"]}}],"collection":[{"href":"https:\/\/progepe.ufpr.br\/portarias\/wp-json\/wp\/v2\/posts"}],"about":[{"href":"https:\/\/progepe.ufpr.br\/portarias\/wp-json\/wp\/v2\/types\/post"}],"author":[{"embeddable":true,"href":"https:\/\/progepe.ufpr.br\/portarias\/wp-json\/wp\/v2\/users\/12"}],"replies":[{"embeddable":true,"href":"https:\/\/progepe.ufpr.br\/portarias\/wp-json\/wp\/v2\/comments?post=35151"}],"version-history":[{"count":2,"href":"https:\/\/progepe.ufpr.br\/portarias\/wp-json\/wp\/v2\/posts\/35151\/revisions"}],"predecessor-version":[{"id":193209,"href":"https:\/\/progepe.ufpr.br\/portarias\/wp-json\/wp\/v2\/posts\/35151\/revisions\/193209"}],"wp:attachment":[{"href":"https:\/\/progepe.ufpr.br\/portarias\/wp-json\/wp\/v2\/media?parent=35151"}],"wp:term":[{"taxonomy":"category","embeddable":true,"href":"https:\/\/progepe.ufpr.br\/portarias\/wp-json\/wp\/v2\/categories?post=35151"},{"taxonomy":"post_tag","embeddable":true,"href":"https:\/\/progepe.ufpr.br\/portarias\/wp-json\/wp\/v2\/tags?post=35151"}],"curies":[{"name":"wp","href":"https:\/\/api.w.org\/{rel}","templated":true}]}}