{"id":35175,"date":"2020-02-17T10:00:00","date_gmt":"2020-02-17T13:00:00","guid":{"rendered":"http:\/\/progepe.ufpr.br\/portal\/?post_type=portarias&#038;p=35175"},"modified":"2025-02-19T09:22:58","modified_gmt":"2025-02-19T12:22:58","slug":"progepe-2020-00571","status":"publish","type":"post","link":"https:\/\/progepe.ufpr.br\/portarias\/progepe-2020-00571\/","title":{"rendered":"PORTARIA N\u00ba 00571\/PROGEPE, DE 17 DE FEVEREIRO DE 2020"},"content":{"rendered":"\n<p style=\"padding-left:43%\">O Pr\u00f3-Reitor de Gest\u00e3o de Pessoas da Universidade Federal do Paran\u00e1, no uso de suas atribui\u00e7\u00f5es, tendo em vista a compet\u00eancia que lhe \u00e9 conferida pela Portaria n\u00ba 2.590, de 26 de setembro de 1997 e ainda o contido no processo n\u00ba 23075.089120\/2019-98,<\/p>\n\n\n\n<p style=\"padding-left:43%\"><strong>RESOLVE:<\/strong><\/p>\n\n\n\n<p>Retificar a Portaria n\u00ba 259\/PROGEPE, de 27 de janeiro de 2020, que autorizou a prorroga\u00e7\u00e3o do contrato de FERNANDA NAIARA GANS KENSKI &#8211; 3092701, como Professor Substituto:<\/p>\n\n\n\n<p>Onde se l\u00ea: &#8230; a partir 01 de janeiro de 2020 at\u00e9 30 de junho de 2020 &#8230; .<\/p>\n\n\n\n<p>Leia-se: &#8230; a partir 01 de fevereiro de 2020 at\u00e9 30 de junho de 2020 &#8230; .<\/p>\n","protected":false},"excerpt":{"rendered":"<p>Retificar a Portaria n\u00ba 259\/PROGEPE, de 27 de janeiro de 2020, que autorizou a prorroga\u00e7\u00e3o do contrato de FERNANDA NAIARA GANS KENSKI &#8211; 3092701, como Professor Substituto:  Onde se l\u00ea: &#8230; a partir 01 de janeiro de 2020 at\u00e9 30 de junho de 2020 &#8230; .  Leia-se: &#8230; a partir 01 de fevereiro de 2020 at\u00e9 30 de junho de 2020 &#8230; .<\/p>\n","protected":false},"author":48,"featured_media":0,"comment_status":"closed","ping_status":"closed","sticky":false,"template":"","format":"standard","meta":{"_acf_changed":false,"iawp_total_views":0,"footnotes":""},"categories":[116],"tags":[141],"class_list":["post-35175","post","type-post","status-publish","format-standard","hentry","category-progepe","tag-contratacao"],"acf":[],"_links":{"self":[{"href":"https:\/\/progepe.ufpr.br\/portarias\/wp-json\/wp\/v2\/posts\/35175","targetHints":{"allow":["GET"]}}],"collection":[{"href":"https:\/\/progepe.ufpr.br\/portarias\/wp-json\/wp\/v2\/posts"}],"about":[{"href":"https:\/\/progepe.ufpr.br\/portarias\/wp-json\/wp\/v2\/types\/post"}],"author":[{"embeddable":true,"href":"https:\/\/progepe.ufpr.br\/portarias\/wp-json\/wp\/v2\/users\/48"}],"replies":[{"embeddable":true,"href":"https:\/\/progepe.ufpr.br\/portarias\/wp-json\/wp\/v2\/comments?post=35175"}],"version-history":[{"count":7,"href":"https:\/\/progepe.ufpr.br\/portarias\/wp-json\/wp\/v2\/posts\/35175\/revisions"}],"predecessor-version":[{"id":258293,"href":"https:\/\/progepe.ufpr.br\/portarias\/wp-json\/wp\/v2\/posts\/35175\/revisions\/258293"}],"wp:attachment":[{"href":"https:\/\/progepe.ufpr.br\/portarias\/wp-json\/wp\/v2\/media?parent=35175"}],"wp:term":[{"taxonomy":"category","embeddable":true,"href":"https:\/\/progepe.ufpr.br\/portarias\/wp-json\/wp\/v2\/categories?post=35175"},{"taxonomy":"post_tag","embeddable":true,"href":"https:\/\/progepe.ufpr.br\/portarias\/wp-json\/wp\/v2\/tags?post=35175"}],"curies":[{"name":"wp","href":"https:\/\/api.w.org\/{rel}","templated":true}]}}