{"id":35412,"date":"2020-03-06T05:02:00","date_gmt":"2020-03-06T08:02:00","guid":{"rendered":"http:\/\/progepe.ufpr.br\/portal\/?post_type=portarias&#038;p=35412"},"modified":"2023-08-03T13:18:48","modified_gmt":"2023-08-03T16:18:48","slug":"rt-2020-00655","status":"publish","type":"post","link":"https:\/\/progepe.ufpr.br\/portarias\/rt-2020-00655\/","title":{"rendered":"PORTARIA N\u00ba 00655\/REITORIA, DE 06 DE MAR\u00c7O DE 2020"},"content":{"rendered":"\n<p><strong>O\nReitor da Universidade Federal do Paran\u00e1, <\/strong>no uso de suas atribui\u00e7\u00f5es e tendo em\nvista o que consta no processo n\u00ba 23075.002089\/2020-22,<\/p>\n\n\n\n<p>RESOLVE:<\/p>\n\n\n\n<p>Alterar a\nPortaria n\u00ba 322\/REITORIA, de 29 de janeiro de 2020, publicada no DOU de\n31.01.2020, Se\u00e7\u00e3o 2, p\u00e1g. 51, referente \u00e0 designa\u00e7\u00e3o do servidor EDUARDO LEO BARAN &#8211; 1916221, como\nsubstituto eventual do servidor LUCIANO LEPKA PORTELA &#8211; 2326905, na Fun\u00e7\u00e3o\nGratificada FG-01, do Setor de Ci\u00eancias Jur\u00eddicas, para fazer constar que a\ndesigna\u00e7\u00e3o \u00e9 a partir de 01 de fevereiro de 2020, na fun\u00e7\u00e3o de Chefe da Unidade\nde Controle e Execu\u00e7\u00e3o Or\u00e7ament\u00e1ria do citado Setor, e n\u00e3o como constou no\nreferido ato.<\/p>\n\n\n\n<p style=\"text-align:right\">Ricardo Marcelo\nFonseca<\/p>\n","protected":false},"excerpt":{"rendered":"<p>Alterar a Portaria n\u00ba 322\/REITORIA, de 29 de janeiro de 2020, publicada no DOU de 31.01.2020, Se\u00e7\u00e3o 2, p\u00e1g. 51, referente \u00e0 designa\u00e7\u00e3o do servidor EDUARDO LEO BARAN &#8211; 1916221, como substituto eventual do servidor LUCIANO LEPKA PORTELA &#8211; 2326905, na Fun\u00e7\u00e3o Gratificada FG-01, do Setor de Ci\u00eancias Jur\u00eddicas, para fazer constar que a designa\u00e7\u00e3o \u00e9 a partir de 01 de fevereiro de 2020, na fun\u00e7\u00e3o de Chefe da Unidade de Controle e Execu\u00e7\u00e3o Or\u00e7ament\u00e1ria do citado Setor, e n\u00e3o como constou no referido ato.  <!-- wp:paragraph {\"align\":\"right\"} \n\n<p style=\"text-align:right\">Ricardo Marcelo Fonseca\n<\/p>\n","protected":false},"author":49,"featured_media":0,"comment_status":"closed","ping_status":"closed","sticky":false,"template":"","format":"standard","meta":{"_acf_changed":false,"iawp_total_views":1,"footnotes":""},"categories":[117],"tags":[120],"class_list":["post-35412","post","type-post","status-publish","format-standard","hentry","category-rt","tag-funcao"],"acf":[],"_links":{"self":[{"href":"https:\/\/progepe.ufpr.br\/portarias\/wp-json\/wp\/v2\/posts\/35412","targetHints":{"allow":["GET"]}}],"collection":[{"href":"https:\/\/progepe.ufpr.br\/portarias\/wp-json\/wp\/v2\/posts"}],"about":[{"href":"https:\/\/progepe.ufpr.br\/portarias\/wp-json\/wp\/v2\/types\/post"}],"author":[{"embeddable":true,"href":"https:\/\/progepe.ufpr.br\/portarias\/wp-json\/wp\/v2\/users\/49"}],"replies":[{"embeddable":true,"href":"https:\/\/progepe.ufpr.br\/portarias\/wp-json\/wp\/v2\/comments?post=35412"}],"version-history":[{"count":1,"href":"https:\/\/progepe.ufpr.br\/portarias\/wp-json\/wp\/v2\/posts\/35412\/revisions"}],"predecessor-version":[{"id":193234,"href":"https:\/\/progepe.ufpr.br\/portarias\/wp-json\/wp\/v2\/posts\/35412\/revisions\/193234"}],"wp:attachment":[{"href":"https:\/\/progepe.ufpr.br\/portarias\/wp-json\/wp\/v2\/media?parent=35412"}],"wp:term":[{"taxonomy":"category","embeddable":true,"href":"https:\/\/progepe.ufpr.br\/portarias\/wp-json\/wp\/v2\/categories?post=35412"},{"taxonomy":"post_tag","embeddable":true,"href":"https:\/\/progepe.ufpr.br\/portarias\/wp-json\/wp\/v2\/tags?post=35412"}],"curies":[{"name":"wp","href":"https:\/\/api.w.org\/{rel}","templated":true}]}}