{"id":35553,"date":"2020-03-09T10:09:00","date_gmt":"2020-03-09T13:09:00","guid":{"rendered":"http:\/\/progepe.ufpr.br\/portal\/?post_type=portarias&#038;p=35553"},"modified":"2023-08-03T12:54:01","modified_gmt":"2023-08-03T15:54:01","slug":"progepe-2020-00757","status":"publish","type":"post","link":"https:\/\/progepe.ufpr.br\/portarias\/progepe-2020-00757\/","title":{"rendered":"PORTARIA N\u00ba 00757\/PROGEPE, DE 09 DE MAR\u00c7O DE 2020"},"content":{"rendered":"\n<p><strong>O Pr\u00f3-Reitor de Gest\u00e3o de Pessoas da Universidade Federal do Paran\u00e1, <\/strong>no  uso de suas atribui\u00e7\u00f5es, tendo em vista a compet\u00eancia que lhe \u00e9  conferida pela Portaria n\u00ba 2.590, de 26 de setembro de 1997 e  considerando o contido no Art. 20 da Lei n\u00ba 8.112\/90, Resolu\u00e7\u00e3o n\u00ba  002\/00-COPLAD; e, ainda o contido no processo n\u00ba 23075.000673\/2020-43,<\/p>\n\n\n\n<p>RESOLVE:<\/p>\n\n\n\n<p>Homologar o resultado da avalia\u00e7\u00e3o de  est\u00e1gio probat\u00f3rio do servidor THIAGO JONAS ZIMERMANN &#8211; 2911048,  ocupante do cargo de Administrador, lotado na Unidade de Apoio  Administrativo do Setor de Artes, Comunica\u00e7\u00e3o e Design, aprovado no  citado est\u00e1gio com 97,78 (noventa e sete pontos e setenta e oito  cent\u00e9simos).<\/p>\n\n\n\n<p style=\"text-align:right\"><strong>DOUGLAS ORTIZ HAMERMULLER<\/strong><\/p>\n","protected":false},"excerpt":{"rendered":"<p>Homologar o resultado da avalia\u00e7\u00e3o de est\u00e1gio probat\u00f3rio do servidor THIAGO JONAS ZIMERMANN &#8211; 2911048, ocupante do cargo de Administrador, lotado na Unidade de Apoio Administrativo do Setor de Artes, Comunica\u00e7\u00e3o e Design, aprovado no citado est\u00e1gio com 97,78 (noventa e sete pontos e setenta e oito cent\u00e9simos).  <!-- wp:paragraph {\"align\":\"right\"} \n\n<p style=\"text-align:right\"><strong>DOUGLAS ORTIZ HAMERMULLER<\/strong>\n<\/p>\n","protected":false},"author":48,"featured_media":0,"comment_status":"closed","ping_status":"closed","sticky":false,"template":"","format":"standard","meta":{"_acf_changed":false,"iawp_total_views":0,"footnotes":""},"categories":[116],"tags":[136],"class_list":["post-35553","post","type-post","status-publish","format-standard","hentry","category-progepe","tag-estagio-probatorio"],"acf":[],"_links":{"self":[{"href":"https:\/\/progepe.ufpr.br\/portarias\/wp-json\/wp\/v2\/posts\/35553","targetHints":{"allow":["GET"]}}],"collection":[{"href":"https:\/\/progepe.ufpr.br\/portarias\/wp-json\/wp\/v2\/posts"}],"about":[{"href":"https:\/\/progepe.ufpr.br\/portarias\/wp-json\/wp\/v2\/types\/post"}],"author":[{"embeddable":true,"href":"https:\/\/progepe.ufpr.br\/portarias\/wp-json\/wp\/v2\/users\/48"}],"replies":[{"embeddable":true,"href":"https:\/\/progepe.ufpr.br\/portarias\/wp-json\/wp\/v2\/comments?post=35553"}],"version-history":[{"count":1,"href":"https:\/\/progepe.ufpr.br\/portarias\/wp-json\/wp\/v2\/posts\/35553\/revisions"}],"predecessor-version":[{"id":193247,"href":"https:\/\/progepe.ufpr.br\/portarias\/wp-json\/wp\/v2\/posts\/35553\/revisions\/193247"}],"wp:attachment":[{"href":"https:\/\/progepe.ufpr.br\/portarias\/wp-json\/wp\/v2\/media?parent=35553"}],"wp:term":[{"taxonomy":"category","embeddable":true,"href":"https:\/\/progepe.ufpr.br\/portarias\/wp-json\/wp\/v2\/categories?post=35553"},{"taxonomy":"post_tag","embeddable":true,"href":"https:\/\/progepe.ufpr.br\/portarias\/wp-json\/wp\/v2\/tags?post=35553"}],"curies":[{"name":"wp","href":"https:\/\/api.w.org\/{rel}","templated":true}]}}