{"id":35817,"date":"2020-03-15T05:00:00","date_gmt":"2020-03-15T08:00:00","guid":{"rendered":"http:\/\/progepe.ufpr.br\/portal\/?post_type=portarias&#038;p=35817"},"modified":"2023-08-03T13:18:57","modified_gmt":"2023-08-03T16:18:57","slug":"rt-2020-00721","status":"publish","type":"post","link":"https:\/\/progepe.ufpr.br\/portarias\/rt-2020-00721\/","title":{"rendered":"PORTARIA N\u00ba 00721\/REITORIA, DE 15 DE MAR\u00c7O DE 2020"},"content":{"rendered":"\n<p><strong>O REITOR DA UNIVERSIDADE FEDERAL DO PARAN\u00c1<\/strong>, no uso de suas&nbsp;atribui\u00e7\u00f5es,\u202f&nbsp;tendo&nbsp;em vista o que consta no processo n\u00ba&nbsp;018271\/2020-03, e considerando:&nbsp;<\/p>\n\n\n\n<p>A&nbsp;pandemia do&nbsp;coronav\u00edrus&nbsp;(SARS-CoV-2) e os recentes casos de infec\u00e7\u00e3o no Brasil;&nbsp;<\/p>\n\n\n\n<p>A&nbsp;obrigatoriedade do gestor de garantir o direito \u00e0 vida dos servidores p\u00fablicos e demais&nbsp;colaboradores da institui\u00e7\u00e3o;&nbsp;<\/p>\n\n\n\n<p>As orienta\u00e7\u00f5es da Organiza\u00e7\u00e3o Mundial da Sa\u00fade \u2013 OMS, do Minist\u00e9rio da Sa\u00fade, do Minist\u00e9rio da Economia e do Minist\u00e9rio da Educa\u00e7\u00e3o;&nbsp;<\/p>\n\n\n\n<p>A&nbsp;Lei n\u00ba 13.979, de 06 de fevereiro de 2020; considerando a Instru\u00e7\u00e3o Normativa n\u00ba 19 do Minist\u00e9rio da Economia, de 12 de mar\u00e7o de 2020;&nbsp;<\/p>\n\n\n\n<p>A&nbsp;Instru\u00e7\u00e3o Normativa n\u00ba 20 do Minist\u00e9rio da Economia, de 13 de mar\u00e7o de 2020;&nbsp;<\/p>\n\n\n\n<p>A&nbsp;Portaria n\u00ba 356\/GM\/MS, de 11 de mar\u00e7o de 2020;&nbsp;<\/p>\n\n\n\n<p>O&nbsp;Of\u00edcio Circular SEI n\u00b0 825\/2020 do Minist\u00e9rio da Economia, de 13 de mar\u00e7o de 2020;&nbsp;<\/p>\n\n\n\n<p>Os estudos desenvolvidos pela Comiss\u00e3o de Acompanhamento e Controle de Propaga\u00e7\u00e3o da COVID-19 (SARS-CoV-2) criada por meio da Portaria n\u00ba 695\/REITORIA, de 11 de mar\u00e7o de 2020;<\/p>\n\n\n\n<p>RESOLVE:<\/p>\n\n\n\n<p>Regulamentar as rotinas de trabalho e os procedimentos administrativos no \u00e2mbito da Universidade Federal do Paran\u00e1 \u2013 UFPR,&nbsp;para os pr\u00f3ximos 14 (quatorze) dias, prorrog\u00e1veis pelo tempo que se fizer necess\u00e1rio, diante da obrigatoriedade de cumprimento das medidas de preven\u00e7\u00e3o estabelecidas pelo Minist\u00e9rio da Sa\u00fade para o enfrentamento da emerg\u00eancia de sa\u00fade p\u00fablica de dimens\u00e3o mundial decorrente da&nbsp;SARS-CoV-2.&nbsp;<\/p>\n\n\n\n<p>Art. 1\u00ba. Esta&nbsp;Portaria&nbsp;estabelece orienta\u00e7\u00f5es aos membros componentes da Universidade Federal do Paran\u00e1 quanto \u00e0s medidas de prote\u00e7\u00e3o para enfrentamento da emerg\u00eancia de sa\u00fade p\u00fablica, nos termos da legisla\u00e7\u00e3o vigente e das&nbsp;diretrizes&nbsp;dos \u00f3rg\u00e3os competentes.<\/p>\n\n\n\n<p style=\"text-align:center\"><strong>SE\u00c7\u00c3O I \u2013&nbsp;DOS&nbsp;SERVIDORES T\u00c9CNICOS ADMINISTRATIVOS E DOCENTES&nbsp;E ESTAGI\u00c1RIOS&nbsp;<\/strong><\/p>\n\n\n\n<p>Art.&nbsp;2\u00ba.&nbsp;Os servidores t\u00e9cnicos&nbsp;administrativos&nbsp;e docentes, bem como os estagi\u00e1rios que realizarem viagens internacionais&nbsp;e&nbsp;nacionais onde se tenha registro de transmiss\u00e3o comunit\u00e1ria da&nbsp;SARS-CoV-2, a servi\u00e7o ou particulares, dever\u00e3o executar suas atividades remotamente&nbsp;at\u00e9&nbsp;o&nbsp;7\u00ba (s\u00e9timo) dia do retorno, ainda que n\u00e3o apresentem sintomas associados&nbsp;\u00e0&nbsp;SARS-CoV-2, conforme estabelecido pelo Minist\u00e9rio da Sa\u00fade, devendo comunicar imediatamente tal circunst\u00e2ncia \u00e0 chefia imediata.<\/p>\n\n\n\n<p>Par\u00e1grafo \u00fanico. Os servidores que se encontrem nessa situa\u00e7\u00e3o dever\u00e3o comunicar suas chefias imediatas por canais digitais, com o envio de documenta\u00e7\u00e3o comprobat\u00f3ria&nbsp;da viagem.&nbsp;<\/p>\n\n\n\n<p>Art.&nbsp;3\u00ba.&nbsp;Os servidores t\u00e9cnicos&nbsp;administrativos&nbsp;e docentes, bem como os estagi\u00e1rios,&nbsp;ainda que n\u00e3o apresentem sintomas associados&nbsp;\u00e0&nbsp;SARS-CoV-2, mas que tiverem contato com pessoas cujos casos foram confirmados ou s\u00e3o suspeitos, dever\u00e3o executar suas atividades remotamente at\u00e9 o&nbsp;14\u00ba (d\u00e9cimo quarto) dia do contato, conforme medidas de preven\u00e7\u00e3o expedidas pela Comiss\u00e3o de Acompanhamento e Controle de Propaga\u00e7\u00e3o da&nbsp;COVID-19.&nbsp;<\/p>\n\n\n\n<p>Par\u00e1grafo \u00fanico. Os servidores que se encontrem nessa situa\u00e7\u00e3o dever\u00e3o comunicar suas chefias imediatas por canais digitais, com o envio de documenta\u00e7\u00e3o comprobat\u00f3ria ou de&nbsp;autodeclara\u00e7\u00e3o&nbsp;circunstanciada&nbsp;e assinada.&nbsp;<\/p>\n\n\n\n<p>Art.&nbsp;4\u00ba.&nbsp;Em observ\u00e2ncia \u00e0s normas aplic\u00e1veis \u00e0 esp\u00e9cie&nbsp;e a&nbsp;crit\u00e9rio da chefia imediata, os servidores poder\u00e3o realizar o trabalho em regime de turnos ou em sistema de &#8220;rod\u00edzio&#8221; a fim de reduzir a circula\u00e7\u00e3o e a perman\u00eancia de servidores nos ambientes da UFPR, sendo primordial garantir o funcionamento e o atendimento da&nbsp;unidade no hor\u00e1rio de expediente.&nbsp;<\/p>\n\n\n\n<p>Par\u00e1grafo \u00fanico.&nbsp;As unidades que realizam atendimento ao p\u00fablico interno e externo da UFPR dever\u00e3o priorizar a utiliza\u00e7\u00e3o de canais digitais para contato e resolu\u00e7\u00e3o de demandas.&nbsp;<\/p>\n\n\n\n<p>Art. 5\u00ba.&nbsp;As orienta\u00e7\u00f5es quanto aos procedimentos&nbsp;para apresenta\u00e7\u00e3o de atestados m\u00e9dicos&nbsp;nos casos previstos pelos artigos&nbsp;2\u00ba e&nbsp;3\u00ba,&nbsp;bem como&nbsp;os procedimentos&nbsp;e o registro das formas de&nbsp;trabalho&nbsp;dispostas&nbsp;pelo artigo&nbsp;4\u00ba,&nbsp;ser\u00e3o regulamentadas por meio de Ordem de Servi\u00e7o da&nbsp;Pr\u00f3-Reitoria&nbsp;de Gest\u00e3o de Pessoas&nbsp;\u2013&nbsp;PROGEPE.&nbsp;<\/p>\n\n\n\n<p>Art.&nbsp;6\u00ba. Os servidores e estagi\u00e1rios&nbsp;que perten\u00e7am aos grupos vulner\u00e1veis ao desenvolvimento da&nbsp;forma mais grave da SARS-CoV-2, mediante crit\u00e9rio e autoriza\u00e7\u00e3o da chefia imediata, poder\u00e3o&nbsp;trabalhar de maneira remota pelo per\u00edodo de vig\u00eancia desta Portaria, desde que n\u00e3o haja preju\u00edzos \u00e0s atividades desenvolvidas na unidade, resguardando o quantitativo m\u00ednimo de servidores para garantir a manuten\u00e7\u00e3o do atendimento e a preserva\u00e7\u00e3o do funcionamento dos servi\u00e7os considerados essenciais ou estrat\u00e9gicos.<\/p>\n\n\n\n<p style=\"text-align:center\"><br><strong>SE\u00c7\u00c3O II&nbsp;\u2013 DAS&nbsp;DISPOSI\u00c7\u00d5ES GERAIS<\/strong><\/p>\n\n\n\n<p>Art.&nbsp;7\u00ba.&nbsp;Novas viagens internacionais a servi\u00e7o est\u00e3o suspensas&nbsp;e novas viagens nacionais a servi\u00e7o est\u00e3o restritas \u00e0quelas&nbsp;rigorosamente&nbsp;necess\u00e1rias&nbsp;enquanto perdurar a situa\u00e7\u00e3o de&nbsp;emerg\u00eancia epidemiol\u00f3gica.&nbsp;<\/p>\n\n\n\n<p>Art.&nbsp;8\u00ba. Est\u00e3o suspensas as participa\u00e7\u00f5es de servidores em treinamentos presenciais, congressos e eventos, a trabalho.&nbsp;<\/p>\n\n\n\n<p>Art.&nbsp;9\u00ba. Est\u00e1 suspenso, pelo per\u00edodo de 14 (quatorze) dias, o acesso do p\u00fablico externo aos laborat\u00f3rios, bibliotecas, audit\u00f3rios, anfiteatros,&nbsp;teatros e museus, com exce\u00e7\u00e3o para manuten\u00e7\u00f5es e atividades administrativas essenciais e priorit\u00e1rias.&nbsp;<\/p>\n\n\n\n<p>Art. 10.&nbsp;A&nbsp;Pr\u00f3-Reitoria&nbsp;de Administra\u00e7\u00e3o,&nbsp;por meio&nbsp;dos respectivos fiscais de contrato, notificar\u00e1 as empresas prestadoras de servi\u00e7o com m\u00e3o-de-obra em regime de dedica\u00e7\u00e3o exclusiva para que, nos casos poss\u00edveis, sejam atendidas as recomenda\u00e7\u00f5es da presente orienta\u00e7\u00e3o normativa.&nbsp;<\/p>\n\n\n\n<p>Par\u00e1grafo \u00fanico. O isolamento produtivo, nesses casos, dever\u00e1 ter sua produ\u00e7\u00e3o reportada aos respectivos fiscais de contrato atrav\u00e9s de relat\u00f3rios di\u00e1rios de servi\u00e7os executados.&nbsp;<\/p>\n\n\n\n<p>Art. 11. Novas medidas ou provid\u00eancias poder\u00e3o ser adotadas em complementa\u00e7\u00e3o&nbsp;ao disposto nesta Portaria&nbsp;conforme eventuais altera\u00e7\u00f5es epidemiol\u00f3gicas ou edi\u00e7\u00e3o de normativos de \u00f3rg\u00e3o superiores.&nbsp;<\/p>\n\n\n\n<p>Art. 12. O Complexo do Hospital de Cl\u00ednicas seguir\u00e1&nbsp;as&nbsp;regulamenta\u00e7\u00f5es&nbsp;internas.&nbsp;<\/p>\n\n\n\n<p>Art.&nbsp;13. Esta&nbsp;Portaria&nbsp;possui vig\u00eancia de&nbsp;14&nbsp;(quatorze) dias, prorrog\u00e1veis pelo tempo que se fizer necess\u00e1rio.&nbsp;<\/p>\n\n\n\n<p>Publique-se, registre-se e cumpra-se<\/p>\n\n\n\n<p>&nbsp;<\/p>\n","protected":false},"excerpt":{"rendered":"<p>Regulamentar as rotinas de trabalho e os procedimentos administrativos no \u00e2mbito da Universidade Federal do Paran\u00e1 \u2013 UFPR,&nbsp;para os pr\u00f3ximos 14 (quatorze) dias, prorrog\u00e1veis pelo tempo que se fizer necess\u00e1rio, diante da obrigatoriedade de cumprimento das medidas de preven\u00e7\u00e3o estabelecidas pelo Minist\u00e9rio da Sa\u00fade para o enfrentamento da emerg\u00eancia de sa\u00fade p\u00fablica de dimens\u00e3o mundial decorrente da&nbsp;SARS-CoV-2.&nbsp;  Art. 1\u00ba. Esta&nbsp;Portaria&nbsp;estabelece orienta\u00e7\u00f5es aos membros componentes da Universidade Federal do Paran\u00e1 quanto \u00e0s medidas de prote\u00e7\u00e3o para enfrentamento da emerg\u00eancia de sa\u00fade p\u00fablica, nos termos da legisla\u00e7\u00e3o vigente e das&nbsp;diretrizes&nbsp;dos \u00f3rg\u00e3os competentes.  <!-- wp:paragraph {\"align\":\"center\"} \n\n<p style=\"text-align:center\"><strong>SE\u00c7\u00c3O I\n<\/p>\n","protected":false},"author":49,"featured_media":0,"comment_status":"closed","ping_status":"closed","sticky":false,"template":"","format":"standard","meta":{"_acf_changed":false,"iawp_total_views":5,"footnotes":""},"categories":[117],"tags":[119],"class_list":["post-35817","post","type-post","status-publish","format-standard","hentry","category-rt","tag-diversos"],"acf":[],"_links":{"self":[{"href":"https:\/\/progepe.ufpr.br\/portarias\/wp-json\/wp\/v2\/posts\/35817","targetHints":{"allow":["GET"]}}],"collection":[{"href":"https:\/\/progepe.ufpr.br\/portarias\/wp-json\/wp\/v2\/posts"}],"about":[{"href":"https:\/\/progepe.ufpr.br\/portarias\/wp-json\/wp\/v2\/types\/post"}],"author":[{"embeddable":true,"href":"https:\/\/progepe.ufpr.br\/portarias\/wp-json\/wp\/v2\/users\/49"}],"replies":[{"embeddable":true,"href":"https:\/\/progepe.ufpr.br\/portarias\/wp-json\/wp\/v2\/comments?post=35817"}],"version-history":[{"count":1,"href":"https:\/\/progepe.ufpr.br\/portarias\/wp-json\/wp\/v2\/posts\/35817\/revisions"}],"predecessor-version":[{"id":193265,"href":"https:\/\/progepe.ufpr.br\/portarias\/wp-json\/wp\/v2\/posts\/35817\/revisions\/193265"}],"wp:attachment":[{"href":"https:\/\/progepe.ufpr.br\/portarias\/wp-json\/wp\/v2\/media?parent=35817"}],"wp:term":[{"taxonomy":"category","embeddable":true,"href":"https:\/\/progepe.ufpr.br\/portarias\/wp-json\/wp\/v2\/categories?post=35817"},{"taxonomy":"post_tag","embeddable":true,"href":"https:\/\/progepe.ufpr.br\/portarias\/wp-json\/wp\/v2\/tags?post=35817"}],"curies":[{"name":"wp","href":"https:\/\/api.w.org\/{rel}","templated":true}]}}