{"id":37224,"date":"2020-03-19T10:37:00","date_gmt":"2020-03-19T13:37:00","guid":{"rendered":"http:\/\/progepe.ufpr.br\/portal\/?post_type=portarias&#038;p=37224"},"modified":"2023-08-03T12:54:23","modified_gmt":"2023-08-03T15:54:23","slug":"progepe-2020-00925","status":"publish","type":"post","link":"https:\/\/progepe.ufpr.br\/portarias\/progepe-2020-00925\/","title":{"rendered":"PORTARIA N\u00ba 00925\/PROGEPE, DE 19 DE MAR\u00c7O DE 2020"},"content":{"rendered":"\n<p><strong>O Pr\u00f3-Reitor de Gest\u00e3o de Pessoas da Universidade Federal do Paran\u00e1,<\/strong>  no uso de suas atribui\u00e7\u00f5es, tendo em vista a compet\u00eancia que lhe \u00e9  conferida pela Portaria n\u00ba 2.590, de 26 de setembro de 1997 e  considerando o que consta no processo n\u00ba 23075.087438\/2019-34, <\/p>\n\n\n\n<p>RESOLVE:<\/p>\n\n\n\n<p>Retificar a Portaria 5.126\/PROGEPE, de 30 de  dezembro de 2019, que averbou tempo de servi\u00e7o em favor da servidora  ARLETE ANA MOTTER &#8211; 1648085, ocupante do cargo de Professor do  Magist\u00e9rio Superior, lotada no Departamento de Preven\u00e7\u00e3o e Reabilita\u00e7\u00e3o  em Fisioterapia do Setor de Ci\u00eancias Biol\u00f3gicas:<\/p>\n\n\n\n<p>onde se l\u00ea:<\/p>\n\n\n\n<table class=\"wp-block-table\"><tbody><tr><td>\n\t\t\t<strong>Empresa<\/strong>\n\t\t\t<\/td><td>\n\t\t\t<strong>Per\u00edodo<\/strong>\n\t\t\t<\/td><td>\n\t\t\t<strong>Total de dias<\/strong>\n\t\t\t<\/td><\/tr><tr><td>\n\t\t\tCONTRIBUI\u00c7\u00c3O INDIVIDUAL\n\t\t\t<\/td><td>\n\t\t\t01\/03\/1997 a 31\/07\/1998\n\t\t\t<\/td><td>\n\t\t\t518\n\t\t\t<\/td><\/tr><tr><td>\n\t\t\tSET SOCIEDADE EDUCACIONAL TUIUTI LTDA\n\t\t\t<\/td><td>\n\t\t\t14\/07\/2000 a 20\/07\/2007\n\t\t\t<\/td><td>\n\t\t\t2563\n\t\t\t<\/td><\/tr><\/tbody><\/table>\n\n\n\n<p>leia-se:&nbsp;<\/p>\n\n\n\n<table class=\"wp-block-table\"><tbody><tr><td>\n\t\t\t<strong>Empresa<\/strong>\n\t\t\t<\/td><td>\n\t\t\t<strong>Per\u00edodo<\/strong>\n\t\t\t<\/td><td>\n\t\t\t<strong>Total de dias<\/strong>\n\t\t\t<\/td><\/tr><tr><td>\n\t\t\tCONTRIBUI\u00c7\u00c3O INDIVIDUAL\n\t\t\t<\/td><td>\n\t\t\t01\/03\/1997 a&nbsp;29\/07\/1998\n\t\t\t<\/td><td>\n\t\t\t516\n\t\t\t<\/td><\/tr><tr><td>\n\t\t\tSET SOCIEDADE EDUCACIONAL TUIUTI LTDA\n\t\t\t<\/td><td>\n\t\t\t20\/12\/2004 a&nbsp;20\/07\/2007\n\t\t\t<\/td><td>\n\t\t\t943<\/td><\/tr><\/tbody><\/table>\n\n\n\n<p style=\"text-align:right\"><strong>DOUGLAS ORTIZ HAMERMULLER<\/strong><\/p>\n","protected":false},"excerpt":{"rendered":"<p>Retificar a Portaria 5.126\/PROGEPE, de 30 de dezembro de 2019, que averbou tempo de servi\u00e7o em favor da servidora ARLETE ANA MOTTER &#8211; 1648085, ocupante do cargo de Professor do Magist\u00e9rio Superior, lotada no Departamento de Preven\u00e7\u00e3o e Reabilita\u00e7\u00e3o em Fisioterapia do Setor de Ci\u00eancias Biol\u00f3gicas:  onde se l\u00ea:  <!-- wp:table \n\n<table class=\"wp-block-table\">\n\n<tbody>\n\n<tr>\n\n<td>  <strong>Empresa<\/strong>  <\/td>\n\n\n\n<td>  <strong>Per\u00edodo<\/strong>  <\/td>\n\n\n\n<td>  <strong>Total de dias<\/strong>  <\/td>\n\n<\/tr>\n\n\n\n<tr>\n\n<td>  CONTRIBUI\u00c7\u00c3O INDIVIDUAL  <\/td>\n\n\n\n<td>  01\/03\/1997 a 31\/07\/1998  <\/td>\n\n\n\n<td>  518  <\/td>\n\n<\/tr>\n\n\n\n<tr>\n\n<td>  SET SOCIEDADE EDUCACIONAL TUIUTI LTDA  <\/td>\n\n\n\n<td>  14\/07\/2000 a 20\/07\/2007  <\/td>\n\n\n\n<td>\n<\/p>\n","protected":false},"author":48,"featured_media":0,"comment_status":"closed","ping_status":"closed","sticky":false,"template":"","format":"standard","meta":{"_acf_changed":false,"iawp_total_views":0,"footnotes":""},"categories":[116],"tags":[140],"class_list":["post-37224","post","type-post","status-publish","format-standard","hentry","category-progepe","tag-averbacao-desaverbacao"],"acf":[],"_links":{"self":[{"href":"https:\/\/progepe.ufpr.br\/portarias\/wp-json\/wp\/v2\/posts\/37224","targetHints":{"allow":["GET"]}}],"collection":[{"href":"https:\/\/progepe.ufpr.br\/portarias\/wp-json\/wp\/v2\/posts"}],"about":[{"href":"https:\/\/progepe.ufpr.br\/portarias\/wp-json\/wp\/v2\/types\/post"}],"author":[{"embeddable":true,"href":"https:\/\/progepe.ufpr.br\/portarias\/wp-json\/wp\/v2\/users\/48"}],"replies":[{"embeddable":true,"href":"https:\/\/progepe.ufpr.br\/portarias\/wp-json\/wp\/v2\/comments?post=37224"}],"version-history":[{"count":1,"href":"https:\/\/progepe.ufpr.br\/portarias\/wp-json\/wp\/v2\/posts\/37224\/revisions"}],"predecessor-version":[{"id":193406,"href":"https:\/\/progepe.ufpr.br\/portarias\/wp-json\/wp\/v2\/posts\/37224\/revisions\/193406"}],"wp:attachment":[{"href":"https:\/\/progepe.ufpr.br\/portarias\/wp-json\/wp\/v2\/media?parent=37224"}],"wp:term":[{"taxonomy":"category","embeddable":true,"href":"https:\/\/progepe.ufpr.br\/portarias\/wp-json\/wp\/v2\/categories?post=37224"},{"taxonomy":"post_tag","embeddable":true,"href":"https:\/\/progepe.ufpr.br\/portarias\/wp-json\/wp\/v2\/tags?post=37224"}],"curies":[{"name":"wp","href":"https:\/\/api.w.org\/{rel}","templated":true}]}}