{"id":37371,"date":"2020-03-20T10:05:00","date_gmt":"2020-03-20T13:05:00","guid":{"rendered":"http:\/\/progepe.ufpr.br\/portal\/?post_type=portarias&#038;p=37371"},"modified":"2023-08-03T12:54:24","modified_gmt":"2023-08-03T15:54:24","slug":"progepe-2020-00939","status":"publish","type":"post","link":"https:\/\/progepe.ufpr.br\/portarias\/progepe-2020-00939\/","title":{"rendered":"PORTARIA N\u00ba 00939\/PROGEPE, DE 20 DE MAR\u00c7O DE 2020"},"content":{"rendered":"\n<p><strong>O Pr\u00f3-Reitor de Gest\u00e3o de Pessoas da Universidade Federal do Paran\u00e1,<\/strong>  no uso de suas atribui\u00e7\u00f5es, tendo em vista a compet\u00eancia que lhe \u00e9  conferida pela Portaria n\u00ba 2.590, de 26 de setembro de 1997; o que  consta no Art. 100 e 103 da Lei n\u00ba 8.112\/90 e ainda o contido no  processo n\u00ba 23075.006586\/2020-08, <\/p>\n\n\n\n<p>RESOLVE:<\/p>\n\n\n\n<p>Averbar, a partir de 05 de fevereiro de \n2020, em favor da servidora ANA CAROLINA BRANDT DE MACEDO &#8211; 2187426, \nocupante do cargo de Professor do Magist\u00e9rio Superior, lotada no \nDepartamento de Preven\u00e7\u00e3o e Reabilita\u00e7\u00e3o em Fisioterapia do Setor de \nCi\u00eancias Biol\u00f3gicas, o tempo de servi\u00e7o abaixo listado, para fins de:<\/p>\n\n\n\n<p>Aposentadoria e disponibilidade:<\/p>\n\n\n\n<table class=\"wp-block-table\"><tbody><tr><td>\n\t\t\tEMPRESA\n\t\t\t<\/td><td>\n\t\t\tPER\u00cdODO\n\t\t\t<\/td><td>\n\t\t\tTOTAL DE DIAS\n\t\t\t<\/td><\/tr><tr><td>\n\t\t\tSET SOCIEDADE EDUCACIONAL TUIUTI LTDA\n\t\t\t<\/td><td>\n\t\t\t18\/02\/2002 a 31\/07\/2004&nbsp;\n\t\t\t<\/td><td>\n\t\t\t895\n\t\t\t<\/td><\/tr><tr><td>\n\t\t\tSET SOCIEDADE EDUCACIONAL TUIUTI LTDA\n\t\t\t<\/td><td>\n\t\t\t01\/09\/2004 a 31\/08\/2005\n\t\t\t<\/td><td>\n\t\t\t365\n\t\t\t<\/td><\/tr><tr><td>\n\t\t\tSET SOCIEDADE EDUCACIONAL TUIUTI LTDA\n\t\t\t<\/td><td>\n\t\t\t01\/10\/2005 a 08\/02\/2011\n\t\t\t<\/td><td>\n\t\t\t1957\n\t\t\t<\/td><\/tr><tr><td>\n\t\t\tCOMPLEXO DE ENSINO SUPERIOR DO BRASIL LTDA\n\t\t\t<\/td><td>\n\t\t\t09\/02\/2011 a 25\/01\/2015\n\t\t\t<\/td><td>\n\t\t\t1447<\/td><\/tr><\/tbody><\/table>\n\n\n\n<p style=\"text-align:right\"><strong>DOUGLAS ORTIZ HAMERMULLER<\/strong><\/p>\n","protected":false},"excerpt":{"rendered":"<p>Averbar, a partir de 05 de fevereiro de 2020, em favor da servidora ANA CAROLINA BRANDT DE MACEDO &#8211; 2187426, ocupante do cargo de Professor do Magist\u00e9rio Superior, lotada no Departamento de Preven\u00e7\u00e3o e Reabilita\u00e7\u00e3o em Fisioterapia do Setor de Ci\u00eancias Biol\u00f3gicas, o tempo de servi\u00e7o abaixo listado, para fins de:  Aposentadoria e disponibilidade:  <!-- wp:table \n\n<table class=\"wp-block-table\">\n\n<tbody>\n\n<tr>\n\n<td>  EMPRESA  <\/td>\n\n\n\n<td>  PER\u00cdODO  <\/td>\n\n\n\n<td>  TOTAL DE DIAS  <\/td>\n\n<\/tr>\n\n\n\n<tr>\n\n<td>  SET SOCIEDADE EDUCACIONAL TUIUTI LTDA  <\/td>\n\n\n\n<td>  18\/02\/2002 a 31\/07\/2004&nbsp;  <\/td>\n\n\n\n<td>  895  <\/td>\n\n<\/tr>\n\n\n\n<tr>\n\n<td>  SET SOCIEDADE EDUCACIONAL TUIUTI LTDA\n<\/p>\n","protected":false},"author":48,"featured_media":0,"comment_status":"closed","ping_status":"closed","sticky":false,"template":"","format":"standard","meta":{"_acf_changed":false,"iawp_total_views":0,"footnotes":""},"categories":[116],"tags":[140],"class_list":["post-37371","post","type-post","status-publish","format-standard","hentry","category-progepe","tag-averbacao-desaverbacao"],"acf":[],"_links":{"self":[{"href":"https:\/\/progepe.ufpr.br\/portarias\/wp-json\/wp\/v2\/posts\/37371","targetHints":{"allow":["GET"]}}],"collection":[{"href":"https:\/\/progepe.ufpr.br\/portarias\/wp-json\/wp\/v2\/posts"}],"about":[{"href":"https:\/\/progepe.ufpr.br\/portarias\/wp-json\/wp\/v2\/types\/post"}],"author":[{"embeddable":true,"href":"https:\/\/progepe.ufpr.br\/portarias\/wp-json\/wp\/v2\/users\/48"}],"replies":[{"embeddable":true,"href":"https:\/\/progepe.ufpr.br\/portarias\/wp-json\/wp\/v2\/comments?post=37371"}],"version-history":[{"count":1,"href":"https:\/\/progepe.ufpr.br\/portarias\/wp-json\/wp\/v2\/posts\/37371\/revisions"}],"predecessor-version":[{"id":193424,"href":"https:\/\/progepe.ufpr.br\/portarias\/wp-json\/wp\/v2\/posts\/37371\/revisions\/193424"}],"wp:attachment":[{"href":"https:\/\/progepe.ufpr.br\/portarias\/wp-json\/wp\/v2\/media?parent=37371"}],"wp:term":[{"taxonomy":"category","embeddable":true,"href":"https:\/\/progepe.ufpr.br\/portarias\/wp-json\/wp\/v2\/categories?post=37371"},{"taxonomy":"post_tag","embeddable":true,"href":"https:\/\/progepe.ufpr.br\/portarias\/wp-json\/wp\/v2\/tags?post=37371"}],"curies":[{"name":"wp","href":"https:\/\/api.w.org\/{rel}","templated":true}]}}