{"id":37920,"date":"2020-03-10T05:02:00","date_gmt":"2020-03-10T08:02:00","guid":{"rendered":"http:\/\/progepe.ufpr.br\/portal\/?post_type=portarias&#038;p=37920"},"modified":"2023-08-03T13:18:50","modified_gmt":"2023-08-03T16:18:50","slug":"rt-2020-00667","status":"publish","type":"post","link":"https:\/\/progepe.ufpr.br\/portarias\/rt-2020-00667\/","title":{"rendered":"PORTARIA N\u00ba 00667\/REITORIA, DE 10 DE MAR\u00c7O DE 2020"},"content":{"rendered":"\n<p><strong>O Reitor da Universidade Federal do Paran\u00e1, <\/strong>no uso de suas atribui\u00e7\u00f5es, tendo em vista o que consta no artigo 50, \u00a7 1\u00ba do Estatuto desta Universidade e o que consta no processo n\u00ba 23075.007113\/2020-10, <\/p>\n\n\n\n<p>RESOLVE: <\/p>\n\n\n\n<p>I.&nbsp;Nomear a servidora LUANA CAROLINA BOSMULER\nZUGE&nbsp;&#8211; 1345746, ocupante do cargo de Professora, no regime de trabalho de\ndedica\u00e7\u00e3o exclusiva, para exercer a fun\u00e7\u00e3o de Coordenadora de Curso de\nGradua\u00e7\u00e3o do Campus Avan\u00e7ado de Jandaia do Sul, FCC \u2013 Fun\u00e7\u00e3o Comissionada de\nCoordena\u00e7\u00e3o de Curso (Coordena\u00e7\u00e3o do Curso de Engenharia de Alimentos),\nautorizada pela Lei n\u00ba 12.677, de 25 de junho de 2012, publicado no DOU de\n26.06.2012 e Portaria\/MEC n\u00ba 1.172, de 17 de setembro de 2012, pelo per\u00edodo de\n02 (dois) anos, a partir da data de publica\u00e7\u00e3o em DOU, de acordo com a Lei n\u00ba\n9.527\/97.<\/p>\n\n\n\n<p>II.&nbsp;A mencionada docente cumprir\u00e1,\nobrigatoriamente, o regime de trabalho de tempo integral, de acordo com o\ndisposto no \u00a7 5\u00ba, artigo 1\u00ba da Lei n\u00ba 8.168\/91.<\/p>\n\n\n\n<p style=\"text-align:right\"><strong>RICARDO MARCELO FONSECA<\/strong><\/p>\n","protected":false},"excerpt":{"rendered":"<p>O Reitor da Universidade Federal do Paran\u00e1, no uso de suas atribui\u00e7\u00f5es, tendo em vista o que consta no artigo 50, \u00a7 1\u00ba do Estatuto desta Universidade e o que consta no processo n\u00ba 23075.007113\/2020-10, RESOLVE: I.&nbsp;Nomear a servidora LUANA CAROLINA BOSMULER ZUGE&nbsp;&#8211; 1345746, ocupante do cargo de Professora, no regime de trabalho de dedica\u00e7\u00e3o [&hellip;]<\/p>\n","protected":false},"author":50,"featured_media":0,"comment_status":"closed","ping_status":"closed","sticky":false,"template":"","format":"standard","meta":{"_acf_changed":false,"iawp_total_views":0,"footnotes":""},"categories":[117],"tags":[120],"class_list":["post-37920","post","type-post","status-publish","format-standard","hentry","category-rt","tag-funcao"],"acf":[],"_links":{"self":[{"href":"https:\/\/progepe.ufpr.br\/portarias\/wp-json\/wp\/v2\/posts\/37920","targetHints":{"allow":["GET"]}}],"collection":[{"href":"https:\/\/progepe.ufpr.br\/portarias\/wp-json\/wp\/v2\/posts"}],"about":[{"href":"https:\/\/progepe.ufpr.br\/portarias\/wp-json\/wp\/v2\/types\/post"}],"author":[{"embeddable":true,"href":"https:\/\/progepe.ufpr.br\/portarias\/wp-json\/wp\/v2\/users\/50"}],"replies":[{"embeddable":true,"href":"https:\/\/progepe.ufpr.br\/portarias\/wp-json\/wp\/v2\/comments?post=37920"}],"version-history":[{"count":1,"href":"https:\/\/progepe.ufpr.br\/portarias\/wp-json\/wp\/v2\/posts\/37920\/revisions"}],"predecessor-version":[{"id":193474,"href":"https:\/\/progepe.ufpr.br\/portarias\/wp-json\/wp\/v2\/posts\/37920\/revisions\/193474"}],"wp:attachment":[{"href":"https:\/\/progepe.ufpr.br\/portarias\/wp-json\/wp\/v2\/media?parent=37920"}],"wp:term":[{"taxonomy":"category","embeddable":true,"href":"https:\/\/progepe.ufpr.br\/portarias\/wp-json\/wp\/v2\/categories?post=37920"},{"taxonomy":"post_tag","embeddable":true,"href":"https:\/\/progepe.ufpr.br\/portarias\/wp-json\/wp\/v2\/tags?post=37920"}],"curies":[{"name":"wp","href":"https:\/\/api.w.org\/{rel}","templated":true}]}}