{"id":38331,"date":"2020-03-26T05:02:00","date_gmt":"2020-03-26T08:02:00","guid":{"rendered":"http:\/\/progepe.ufpr.br\/portal\/?post_type=portarias&#038;p=38331"},"modified":"2023-08-03T13:19:06","modified_gmt":"2023-08-03T16:19:06","slug":"rt-2020-00788","status":"publish","type":"post","link":"https:\/\/progepe.ufpr.br\/portarias\/rt-2020-00788\/","title":{"rendered":"PORTARIA N\u00ba 00788\/REITORIA, DE 26 DE MAR\u00c7O DE 2020"},"content":{"rendered":"\n<p><strong>O Reitor da Universidade Federal do Paran\u00e1, <\/strong>no uso de suas atribui\u00e7\u00f5es, e considerando o que consta do processo n\u00ba 23075.018233\/2019-42, <\/p>\n\n\n\n<p>RESOLVE:<\/p>\n\n\n\n<p> Declarar vago, a partir de 23 de mar\u00e7o de 2020, o cargo de Professor do  Magist\u00e9rio Superior, ocupado por BERNARDO GUADALUPE DOS SANTOS LINS  BRANDAO &#8211; 1618986, lotado no Departamento de Polon\u00eas, Alem\u00e3o e Letras  Cl\u00e1ssicas do Setor de Ci\u00eancias Humanas, em virtude de posse em outro  cargo p\u00fablico inacumul\u00e1vel, de acordo com o disposto no Artigo 33 da Lei  n\u00ba 8.112\/90. <\/p>\n\n\n\n<p style=\"text-align:right\"><strong>RICARDO MARCELO FONSECA<\/strong><\/p>\n","protected":false},"excerpt":{"rendered":"<p>Declarar vago, a partir de 23 de mar\u00e7o de 2020, o cargo de Professor do Magist\u00e9rio Superior, ocupado por BERNARDO GUADALUPE DOS SANTOS LINS BRANDAO &#8211; 1618986, lotado no Departamento de Polon\u00eas, Alem\u00e3o e Letras Cl\u00e1ssicas do Setor de Ci\u00eancias Humanas, em virtude de posse em outro cargo p\u00fablico inacumul\u00e1vel, de acordo com o disposto no Artigo 33 da Lei n\u00ba 8.112\/90.  <!-- wp:paragraph {\"align\":\"right\"} \n\n<p style=\"text-align:right\"><strong>RICARDO MARCELO FONSECA<\/strong>\n<\/p>\n","protected":false},"author":48,"featured_media":0,"comment_status":"closed","ping_status":"closed","sticky":false,"template":"","format":"standard","meta":{"_acf_changed":false,"iawp_total_views":0,"footnotes":""},"categories":[117],"tags":[122],"class_list":["post-38331","post","type-post","status-publish","format-standard","hentry","category-rt","tag-exoneracao"],"acf":[],"_links":{"self":[{"href":"https:\/\/progepe.ufpr.br\/portarias\/wp-json\/wp\/v2\/posts\/38331","targetHints":{"allow":["GET"]}}],"collection":[{"href":"https:\/\/progepe.ufpr.br\/portarias\/wp-json\/wp\/v2\/posts"}],"about":[{"href":"https:\/\/progepe.ufpr.br\/portarias\/wp-json\/wp\/v2\/types\/post"}],"author":[{"embeddable":true,"href":"https:\/\/progepe.ufpr.br\/portarias\/wp-json\/wp\/v2\/users\/48"}],"replies":[{"embeddable":true,"href":"https:\/\/progepe.ufpr.br\/portarias\/wp-json\/wp\/v2\/comments?post=38331"}],"version-history":[{"count":1,"href":"https:\/\/progepe.ufpr.br\/portarias\/wp-json\/wp\/v2\/posts\/38331\/revisions"}],"predecessor-version":[{"id":193517,"href":"https:\/\/progepe.ufpr.br\/portarias\/wp-json\/wp\/v2\/posts\/38331\/revisions\/193517"}],"wp:attachment":[{"href":"https:\/\/progepe.ufpr.br\/portarias\/wp-json\/wp\/v2\/media?parent=38331"}],"wp:term":[{"taxonomy":"category","embeddable":true,"href":"https:\/\/progepe.ufpr.br\/portarias\/wp-json\/wp\/v2\/categories?post=38331"},{"taxonomy":"post_tag","embeddable":true,"href":"https:\/\/progepe.ufpr.br\/portarias\/wp-json\/wp\/v2\/tags?post=38331"}],"curies":[{"name":"wp","href":"https:\/\/api.w.org\/{rel}","templated":true}]}}