{"id":38340,"date":"2020-03-26T05:03:00","date_gmt":"2020-03-26T08:03:00","guid":{"rendered":"http:\/\/progepe.ufpr.br\/portal\/?post_type=portarias&#038;p=38340"},"modified":"2023-08-03T13:19:06","modified_gmt":"2023-08-03T16:19:06","slug":"rt-2020-00789","status":"publish","type":"post","link":"https:\/\/progepe.ufpr.br\/portarias\/rt-2020-00789\/","title":{"rendered":"PORTARIA N\u00ba 00789\/REITORIA, DE 26 DE MAR\u00c7O DE 2020"},"content":{"rendered":"\n<p><strong>O Reitor da Universidade Federal do Paran\u00e1, <\/strong>no uso de suas atribui\u00e7\u00f5es, e considerando o que consta do processo n\u00ba 23075.020575\/2020-22, <\/p>\n\n\n\n<p>RESOLVE:<\/p>\n\n\n\n<p> Declarar vago, a partir de 16 de abril de 2020, o cargo de Assistente de  Laborat\u00f3rio, ocupado por RAQUEL CRISTINA MARRA &#8211; 2344049, lotada no  Departamento de Bot\u00e2nica do Setor de Ci\u00eancias Biol\u00f3gicas, em virtude de  posse em outro cargo p\u00fablico inacumul\u00e1vel, de acordo com o disposto no  Artigo 33 da Lei n\u00ba 8.112\/90. <\/p>\n\n\n\n<p style=\"text-align:right\"><strong>RICARDO MARCELO FONSECA<\/strong><\/p>\n","protected":false},"excerpt":{"rendered":"<p>Declarar vago, a partir de 16 de abril de 2020, o cargo de Assistente de Laborat\u00f3rio, ocupado por RAQUEL CRISTINA MARRA &#8211; 2344049, lotada no Departamento de Bot\u00e2nica do Setor de Ci\u00eancias Biol\u00f3gicas, em virtude de posse em outro cargo p\u00fablico inacumul\u00e1vel, de acordo com o disposto no Artigo 33 da Lei n\u00ba 8.112\/90.  <!-- wp:paragraph {\"align\":\"right\"} \n\n<p style=\"text-align:right\"><strong>RICARDO MARCELO FONSECA<\/strong>\n<\/p>\n","protected":false},"author":48,"featured_media":0,"comment_status":"closed","ping_status":"closed","sticky":false,"template":"","format":"standard","meta":{"_acf_changed":false,"iawp_total_views":1,"footnotes":""},"categories":[117],"tags":[122],"class_list":["post-38340","post","type-post","status-publish","format-standard","hentry","category-rt","tag-exoneracao"],"acf":[],"_links":{"self":[{"href":"https:\/\/progepe.ufpr.br\/portarias\/wp-json\/wp\/v2\/posts\/38340","targetHints":{"allow":["GET"]}}],"collection":[{"href":"https:\/\/progepe.ufpr.br\/portarias\/wp-json\/wp\/v2\/posts"}],"about":[{"href":"https:\/\/progepe.ufpr.br\/portarias\/wp-json\/wp\/v2\/types\/post"}],"author":[{"embeddable":true,"href":"https:\/\/progepe.ufpr.br\/portarias\/wp-json\/wp\/v2\/users\/48"}],"replies":[{"embeddable":true,"href":"https:\/\/progepe.ufpr.br\/portarias\/wp-json\/wp\/v2\/comments?post=38340"}],"version-history":[{"count":1,"href":"https:\/\/progepe.ufpr.br\/portarias\/wp-json\/wp\/v2\/posts\/38340\/revisions"}],"predecessor-version":[{"id":193518,"href":"https:\/\/progepe.ufpr.br\/portarias\/wp-json\/wp\/v2\/posts\/38340\/revisions\/193518"}],"wp:attachment":[{"href":"https:\/\/progepe.ufpr.br\/portarias\/wp-json\/wp\/v2\/media?parent=38340"}],"wp:term":[{"taxonomy":"category","embeddable":true,"href":"https:\/\/progepe.ufpr.br\/portarias\/wp-json\/wp\/v2\/categories?post=38340"},{"taxonomy":"post_tag","embeddable":true,"href":"https:\/\/progepe.ufpr.br\/portarias\/wp-json\/wp\/v2\/tags?post=38340"}],"curies":[{"name":"wp","href":"https:\/\/api.w.org\/{rel}","templated":true}]}}