{"id":38376,"date":"2020-03-24T05:02:00","date_gmt":"2020-03-24T08:02:00","guid":{"rendered":"http:\/\/progepe.ufpr.br\/portal\/?post_type=portarias&#038;p=38376"},"modified":"2023-08-03T13:19:04","modified_gmt":"2023-08-03T16:19:04","slug":"rt-2020-00776","status":"publish","type":"post","link":"https:\/\/progepe.ufpr.br\/portarias\/rt-2020-00776\/","title":{"rendered":"PORTARIA N\u00ba 00776\/REITORIA, DE 24 DE MAR\u00c7O DE 2020"},"content":{"rendered":"\n<p><strong>O\nReitor da Universidade Federal do Paran\u00e1,<\/strong> no uso de suas atribui\u00e7\u00f5es e tendo\nem vista o contido no processo n\u00ba 23075.013415\/2020-27,<\/p>\n\n\n\n<p>RESOLVE:<\/p>\n\n\n\n<p>Retificar a Portaria n\u00ba\n625\/REITORIA, de 05 de mar\u00e7o de 2020, publicada no DOU de 10.03.2020, Se\u00e7\u00e3o 2,\np\u00e1g. 38, referente \u00e0 nomea\u00e7\u00e3o da servidora THAIS KRUCHELSKI GUGELMIN &#8211; 2270360, para exercer o Cargo de Dire\u00e7\u00e3o, CD-04: <\/p>\n\n\n\n<p>Onde se L\u00ea: &#8230;\nAssessor, CD-04, da Assessoria da Pr\u00f3-Reitoria de Gest\u00e3o de Pessoas&#8230; .<\/p>\n\n\n\n<p>Leia-se: &#8230;\nAssessora, CD-04, da Pr\u00f3-Reitoria de Gest\u00e3o de Pessoas&#8230; .<\/p>\n\n\n\n<p style=\"text-align:right\">Ricardo Marcelo\nFonseca<\/p>\n","protected":false},"excerpt":{"rendered":"<p>Retificar a Portaria n\u00ba 625\/REITORIA, de 05 de mar\u00e7o de 2020, publicada no DOU de 10.03.2020, Se\u00e7\u00e3o 2, p\u00e1g. 38, referente \u00e0 nomea\u00e7\u00e3o da servidora THAIS KRUCHELSKI GUGELMIN &#8211; 2270360, para exercer o Cargo de Dire\u00e7\u00e3o, CD-04:   Onde se L\u00ea: &#8230; Assessor, CD-04, da Assessoria da Pr\u00f3-Reitoria de Gest\u00e3o de Pessoas&#8230; .  Leia-se: &#8230; Assessora, CD-04, da Pr\u00f3-Reitoria de Gest\u00e3o de Pessoas&#8230; .  <!-- wp:paragraph {\"align\":\"right\"} \n\n<p style=\"text-align:right\">Ricardo Marcelo Fonseca\n<\/p>\n","protected":false},"author":49,"featured_media":0,"comment_status":"closed","ping_status":"closed","sticky":false,"template":"","format":"standard","meta":{"_acf_changed":false,"iawp_total_views":0,"footnotes":""},"categories":[117],"tags":[120],"class_list":["post-38376","post","type-post","status-publish","format-standard","hentry","category-rt","tag-funcao"],"acf":[],"_links":{"self":[{"href":"https:\/\/progepe.ufpr.br\/portarias\/wp-json\/wp\/v2\/posts\/38376","targetHints":{"allow":["GET"]}}],"collection":[{"href":"https:\/\/progepe.ufpr.br\/portarias\/wp-json\/wp\/v2\/posts"}],"about":[{"href":"https:\/\/progepe.ufpr.br\/portarias\/wp-json\/wp\/v2\/types\/post"}],"author":[{"embeddable":true,"href":"https:\/\/progepe.ufpr.br\/portarias\/wp-json\/wp\/v2\/users\/49"}],"replies":[{"embeddable":true,"href":"https:\/\/progepe.ufpr.br\/portarias\/wp-json\/wp\/v2\/comments?post=38376"}],"version-history":[{"count":1,"href":"https:\/\/progepe.ufpr.br\/portarias\/wp-json\/wp\/v2\/posts\/38376\/revisions"}],"predecessor-version":[{"id":193521,"href":"https:\/\/progepe.ufpr.br\/portarias\/wp-json\/wp\/v2\/posts\/38376\/revisions\/193521"}],"wp:attachment":[{"href":"https:\/\/progepe.ufpr.br\/portarias\/wp-json\/wp\/v2\/media?parent=38376"}],"wp:term":[{"taxonomy":"category","embeddable":true,"href":"https:\/\/progepe.ufpr.br\/portarias\/wp-json\/wp\/v2\/categories?post=38376"},{"taxonomy":"post_tag","embeddable":true,"href":"https:\/\/progepe.ufpr.br\/portarias\/wp-json\/wp\/v2\/tags?post=38376"}],"curies":[{"name":"wp","href":"https:\/\/api.w.org\/{rel}","templated":true}]}}