{"id":38400,"date":"2020-03-25T05:00:00","date_gmt":"2020-03-25T08:00:00","guid":{"rendered":"http:\/\/progepe.ufpr.br\/portal\/?post_type=portarias&#038;p=38400"},"modified":"2023-08-03T13:19:05","modified_gmt":"2023-08-03T16:19:05","slug":"rt-2020-00780","status":"publish","type":"post","link":"https:\/\/progepe.ufpr.br\/portarias\/rt-2020-00780\/","title":{"rendered":"PORTARIA N\u00ba 00780\/REITORIA, DE 25 DE MAR\u00c7O DE 2020"},"content":{"rendered":"\n<p><strong>O\nReitor da Universidade Federal do Paran\u00e1, <\/strong>no uso de suas atribui\u00e7\u00f5es, tendo em\nvista o que consta no processo n\u00ba 23075.017601\/2020-35,<\/p>\n\n\n\n<p>RESOLVE:<\/p>\n\n\n\n<p>I. Designar\na servidora ELEN\nANDREA JANZEN LOR &#8211; 2323634, Professora do Magist\u00e9rio Superior, lotada no\nDepartamento de Express\u00e3o Gr\u00e1fica do Setor de Ci\u00eancias Exatas, no regime de\ntrabalho de dedica\u00e7\u00e3o exclusiva, para exercer o cargo de Suplente do(a) Chefe\ndo Departamento de Express\u00e3o Gr\u00e1fica do citado Setor, a partir de 04 de mar\u00e7o\nde 2020 at\u00e9 29 de setembro de 2021, t\u00e9rmino do mandato, conforme Art. 2\u00ba,\nInciso III e Art. 4\u00ba da Resolu\u00e7\u00e3o n\u00ba 4\/95-COUN.<\/p>\n\n\n\n<p>II. Nos\nimpedimentos do(a) Chefe a mencionada servidora cumprir\u00e1, obrigatoriamente, o\nregime de trabalho de tempo integral, de acordo com o disposto no \u00a7 5\u00ba, Art. 1\u00ba\nda Lei n\u00ba 8.168\/1991.<\/p>\n\n\n\n<p style=\"text-align:right\">Ricardo Marcelo\nFonseca<\/p>\n","protected":false},"excerpt":{"rendered":"<p>I. Designar a servidora ELEN ANDREA JANZEN LOR &#8211; 2323634, Professora do Magist\u00e9rio Superior, lotada no Departamento de Express\u00e3o Gr\u00e1fica do Setor de Ci\u00eancias Exatas, no regime de trabalho de dedica\u00e7\u00e3o exclusiva, para exercer o cargo de Suplente do(a) Chefe do Departamento de Express\u00e3o Gr\u00e1fica do citado Setor, a partir de 04 de mar\u00e7o de 2020 at\u00e9 29 de setembro de 2021, t\u00e9rmino do mandato, conforme Art. 2\u00ba, Inciso III e Art. 4\u00ba da Resolu\u00e7\u00e3o n\u00ba 4\/95-COUN.  II. Nos impedimentos do(a) Chefe a mencionada servidora cumprir\u00e1, obrigatoriamente, o regime de trabalho de tempo integral, de acordo com<\/p>\n","protected":false},"author":49,"featured_media":0,"comment_status":"closed","ping_status":"closed","sticky":false,"template":"","format":"standard","meta":{"_acf_changed":false,"iawp_total_views":0,"footnotes":""},"categories":[117],"tags":[120],"class_list":["post-38400","post","type-post","status-publish","format-standard","hentry","category-rt","tag-funcao"],"acf":[],"_links":{"self":[{"href":"https:\/\/progepe.ufpr.br\/portarias\/wp-json\/wp\/v2\/posts\/38400","targetHints":{"allow":["GET"]}}],"collection":[{"href":"https:\/\/progepe.ufpr.br\/portarias\/wp-json\/wp\/v2\/posts"}],"about":[{"href":"https:\/\/progepe.ufpr.br\/portarias\/wp-json\/wp\/v2\/types\/post"}],"author":[{"embeddable":true,"href":"https:\/\/progepe.ufpr.br\/portarias\/wp-json\/wp\/v2\/users\/49"}],"replies":[{"embeddable":true,"href":"https:\/\/progepe.ufpr.br\/portarias\/wp-json\/wp\/v2\/comments?post=38400"}],"version-history":[{"count":1,"href":"https:\/\/progepe.ufpr.br\/portarias\/wp-json\/wp\/v2\/posts\/38400\/revisions"}],"predecessor-version":[{"id":193524,"href":"https:\/\/progepe.ufpr.br\/portarias\/wp-json\/wp\/v2\/posts\/38400\/revisions\/193524"}],"wp:attachment":[{"href":"https:\/\/progepe.ufpr.br\/portarias\/wp-json\/wp\/v2\/media?parent=38400"}],"wp:term":[{"taxonomy":"category","embeddable":true,"href":"https:\/\/progepe.ufpr.br\/portarias\/wp-json\/wp\/v2\/categories?post=38400"},{"taxonomy":"post_tag","embeddable":true,"href":"https:\/\/progepe.ufpr.br\/portarias\/wp-json\/wp\/v2\/tags?post=38400"}],"curies":[{"name":"wp","href":"https:\/\/api.w.org\/{rel}","templated":true}]}}