{"id":38502,"date":"2020-03-25T05:04:00","date_gmt":"2020-03-25T08:04:00","guid":{"rendered":"http:\/\/progepe.ufpr.br\/portal\/?post_type=portarias&#038;p=38502"},"modified":"2023-08-03T13:19:05","modified_gmt":"2023-08-03T16:19:05","slug":"rt-2020-00784","status":"publish","type":"post","link":"https:\/\/progepe.ufpr.br\/portarias\/rt-2020-00784\/","title":{"rendered":"PORTARIA N\u00ba 00784\/REITORIA, DE 25 DE MAR\u00c7O DE 2020"},"content":{"rendered":"\n<p><strong>O\nReitor da Universidade Federal do Paran\u00e1, <\/strong>no uso de suas atribui\u00e7\u00f5es, tendo em\nvista o que consta no processo n\u00ba 23075.004216\/2020-28,<\/p>\n\n\n\n<p>RESOLVE:<\/p>\n\n\n\n<p>I. Designar\no servidor LEONARDO\nEVANGELISTA LAGOEIRO &#8211; 418927, Professor do Magist\u00e9rio Superior, lotado no Departamento\nde Geologia do Setor de Ci\u00eancias da Terra, no regime de trabalho de dedica\u00e7\u00e3o\nexclusiva, para exercer o cargo de Suplente do(a) Chefe do Centro de\nMicroscopia Eletr\u00f4nica do Setor de Ci\u00eancias Biol\u00f3gicas, a partir de 25 de mar\u00e7o\nde 2020 at\u00e9 17 de setembro de 2020, t\u00e9rmino do mandato.<\/p>\n\n\n\n<p>II. Nos\nimpedimentos do(a) Chefe o mencionado servidor cumprir\u00e1, obrigatoriamente, o\nregime de trabalho de tempo integral, de acordo com o disposto no \u00a7 5\u00ba, Art. 1\u00ba\nda Lei n\u00ba 8.168\/1991.<\/p>\n\n\n\n<p style=\"text-align:right\">Ricardo Marcelo\nFonseca<\/p>\n","protected":false},"excerpt":{"rendered":"<p>I. Designar o servidor LEONARDO EVANGELISTA LAGOEIRO &#8211; 418927, Professor do Magist\u00e9rio Superior, lotado no Departamento de Geologia do Setor de Ci\u00eancias da Terra, no regime de trabalho de dedica\u00e7\u00e3o exclusiva, para exercer o cargo de Suplente do(a) Chefe do Centro de Microscopia Eletr\u00f4nica do Setor de Ci\u00eancias Biol\u00f3gicas, a partir de 25 de mar\u00e7o de 2020 at\u00e9 17 de setembro de 2020, t\u00e9rmino do mandato.  II. Nos impedimentos do(a) Chefe o mencionado servidor cumprir\u00e1, obrigatoriamente, o regime de trabalho de tempo integral, de acordo com o disposto no \u00a7 5\u00ba, Art. 1\u00ba da Lei n\u00ba 8.168\/1991.<\/p>\n","protected":false},"author":49,"featured_media":0,"comment_status":"closed","ping_status":"closed","sticky":false,"template":"","format":"standard","meta":{"_acf_changed":false,"iawp_total_views":1,"footnotes":""},"categories":[117],"tags":[120],"class_list":["post-38502","post","type-post","status-publish","format-standard","hentry","category-rt","tag-funcao"],"acf":[],"_links":{"self":[{"href":"https:\/\/progepe.ufpr.br\/portarias\/wp-json\/wp\/v2\/posts\/38502","targetHints":{"allow":["GET"]}}],"collection":[{"href":"https:\/\/progepe.ufpr.br\/portarias\/wp-json\/wp\/v2\/posts"}],"about":[{"href":"https:\/\/progepe.ufpr.br\/portarias\/wp-json\/wp\/v2\/types\/post"}],"author":[{"embeddable":true,"href":"https:\/\/progepe.ufpr.br\/portarias\/wp-json\/wp\/v2\/users\/49"}],"replies":[{"embeddable":true,"href":"https:\/\/progepe.ufpr.br\/portarias\/wp-json\/wp\/v2\/comments?post=38502"}],"version-history":[{"count":1,"href":"https:\/\/progepe.ufpr.br\/portarias\/wp-json\/wp\/v2\/posts\/38502\/revisions"}],"predecessor-version":[{"id":193539,"href":"https:\/\/progepe.ufpr.br\/portarias\/wp-json\/wp\/v2\/posts\/38502\/revisions\/193539"}],"wp:attachment":[{"href":"https:\/\/progepe.ufpr.br\/portarias\/wp-json\/wp\/v2\/media?parent=38502"}],"wp:term":[{"taxonomy":"category","embeddable":true,"href":"https:\/\/progepe.ufpr.br\/portarias\/wp-json\/wp\/v2\/categories?post=38502"},{"taxonomy":"post_tag","embeddable":true,"href":"https:\/\/progepe.ufpr.br\/portarias\/wp-json\/wp\/v2\/tags?post=38502"}],"curies":[{"name":"wp","href":"https:\/\/api.w.org\/{rel}","templated":true}]}}