{"id":38544,"date":"2020-03-26T05:00:00","date_gmt":"2020-03-26T08:00:00","guid":{"rendered":"http:\/\/progepe.ufpr.br\/portal\/?post_type=portarias&#038;p=38544"},"modified":"2023-08-03T13:19:06","modified_gmt":"2023-08-03T16:19:06","slug":"rt-2020-00786","status":"publish","type":"post","link":"https:\/\/progepe.ufpr.br\/portarias\/rt-2020-00786\/","title":{"rendered":"PORTARIA N\u00ba 00786\/REITORIA, DE 26 DE MAR\u00c7O DE 2020"},"content":{"rendered":"\n<p><strong>O Reitor da Universidade Federal do Paran\u00e1,<\/strong> no uso de\nsuas atribui\u00e7\u00f5es e tendo em vista o que consta no processo n\u00ba 23075.004407\/2020-90,<\/p>\n\n\n\n<p>RESOLVE:<\/p>\n\n\n\n<p>I. Tendo em vista o que consta no Art. 93 da Lei n\u00ba\n8.112\/1990; Art. 7\u00ba da Lei n\u00ba 12.550\/2011; e, Inciso II do Art. 3\u00ba da Portaria\nn\u00ba 1.128\/MEC, de 15 de dezembro de 2015, autorizar, a partir da data de\npublica\u00e7\u00e3o em DOU, a cess\u00e3o da servidora ELISANGELA ZEM &#8211; 1578767, ocupante do\ncargo de Enfermeira &#8211; \u00c1rea, lotada na Se\u00e7\u00e3o Doador do Hospital de Cl\u00ednicas,\npara a Empresa Brasileira de Servi\u00e7os Hospitalares (EBSERH) do Minist\u00e9rio da\nEduca\u00e7\u00e3o.<\/p>\n\n\n\n<p>II. Manter a\nreferida servidora em folha de pagamento da Institui\u00e7\u00e3o, por tratar-se de\ncess\u00e3o para \u00f3rg\u00e3o dos Poderes da Uni\u00e3o.<\/p>\n\n\n\n<p>III. Fica\nsob a responsabilidade da EBSERH do Minist\u00e9rio da Educa\u00e7\u00e3o, o encaminhamento da\nfrequ\u00eancia do servidor, at\u00e9 o 5\u00b0 (quinto)\ndia \u00fatil de cada m\u00eas junto a esta Institui\u00e7\u00e3o.<\/p>\n\n\n\n<p style=\"text-align:right\">Ricardo\nMarcelo Fonseca<\/p>\n","protected":false},"excerpt":{"rendered":"<p>I. Tendo em vista o que consta no Art. 93 da Lei n\u00ba 8.112\/1990; Art. 7\u00ba da Lei n\u00ba 12.550\/2011; e, Inciso II do Art. 3\u00ba da Portaria n\u00ba 1.128\/MEC, de 15 de dezembro de 2015, autorizar, a partir da data de publica\u00e7\u00e3o em DOU, a cess\u00e3o da servidora ELISANGELA ZEM &#8211; 1578767, ocupante do cargo de Enfermeira &#8211; \u00c1rea, lotada na Se\u00e7\u00e3o Doador do Hospital de Cl\u00ednicas, para a Empresa Brasileira de Servi\u00e7os Hospitalares (EBSERH) do Minist\u00e9rio da Educa\u00e7\u00e3o.  II. Manter a referida servidora em folha de pagamento da Institui\u00e7\u00e3o, por tratar-se de cess\u00e3o para \u00f3rg\u00e3o<\/p>\n","protected":false},"author":49,"featured_media":0,"comment_status":"closed","ping_status":"closed","sticky":false,"template":"","format":"standard","meta":{"_acf_changed":false,"iawp_total_views":0,"footnotes":""},"categories":[117],"tags":[127],"class_list":["post-38544","post","type-post","status-publish","format-standard","hentry","category-rt","tag-cessao"],"acf":[],"_links":{"self":[{"href":"https:\/\/progepe.ufpr.br\/portarias\/wp-json\/wp\/v2\/posts\/38544","targetHints":{"allow":["GET"]}}],"collection":[{"href":"https:\/\/progepe.ufpr.br\/portarias\/wp-json\/wp\/v2\/posts"}],"about":[{"href":"https:\/\/progepe.ufpr.br\/portarias\/wp-json\/wp\/v2\/types\/post"}],"author":[{"embeddable":true,"href":"https:\/\/progepe.ufpr.br\/portarias\/wp-json\/wp\/v2\/users\/49"}],"replies":[{"embeddable":true,"href":"https:\/\/progepe.ufpr.br\/portarias\/wp-json\/wp\/v2\/comments?post=38544"}],"version-history":[{"count":1,"href":"https:\/\/progepe.ufpr.br\/portarias\/wp-json\/wp\/v2\/posts\/38544\/revisions"}],"predecessor-version":[{"id":193541,"href":"https:\/\/progepe.ufpr.br\/portarias\/wp-json\/wp\/v2\/posts\/38544\/revisions\/193541"}],"wp:attachment":[{"href":"https:\/\/progepe.ufpr.br\/portarias\/wp-json\/wp\/v2\/media?parent=38544"}],"wp:term":[{"taxonomy":"category","embeddable":true,"href":"https:\/\/progepe.ufpr.br\/portarias\/wp-json\/wp\/v2\/categories?post=38544"},{"taxonomy":"post_tag","embeddable":true,"href":"https:\/\/progepe.ufpr.br\/portarias\/wp-json\/wp\/v2\/tags?post=38544"}],"curies":[{"name":"wp","href":"https:\/\/api.w.org\/{rel}","templated":true}]}}