{"id":38559,"date":"2020-03-26T05:01:00","date_gmt":"2020-03-26T08:01:00","guid":{"rendered":"http:\/\/progepe.ufpr.br\/portal\/?post_type=portarias&#038;p=38559"},"modified":"2023-08-03T13:19:06","modified_gmt":"2023-08-03T16:19:06","slug":"rt-2020-00787","status":"publish","type":"post","link":"https:\/\/progepe.ufpr.br\/portarias\/rt-2020-00787\/","title":{"rendered":"PORTARIA N\u00ba 00787\/REITORIA, DE 26 DE MAR\u00c7O DE 2020"},"content":{"rendered":"\n<p><strong>O\nReitor da Universidade Federal do Paran\u00e1, <\/strong>no uso de suas atribui\u00e7\u00f5es e tendo em\nvista o que consta no processo n\u00ba 23075.018402\/2020-44,<\/p>\n\n\n\n<p>RESOLVE:<\/p>\n\n\n\n<p>Exonerar, a pedido, a partir de 04 de abril de 2020, a\nservidora CAMILA RAMOS PINTO SAMPAIO &#8211; 2747265, Professora do Magist\u00e9rio\nSuperior, lotada no Departamento de Nutri\u00e7\u00e3o do Setor de Ci\u00eancias da Sa\u00fade, no\nregime de trabalho de dedica\u00e7\u00e3o exclusiva, da Fun\u00e7\u00e3o Gratificada de Chefe do\nDepartamento de Nutri\u00e7\u00e3o, FG-01, do citado Setor.<\/p>\n\n\n\n<p style=\"text-align:right\">Ricardo Marcelo Fonseca<\/p>\n","protected":false},"excerpt":{"rendered":"<p>Exonerar, a pedido, a partir de 04 de abril de 2020, a servidora CAMILA RAMOS PINTO SAMPAIO &#8211; 2747265, Professora do Magist\u00e9rio Superior, lotada no Departamento de Nutri\u00e7\u00e3o do Setor de Ci\u00eancias da Sa\u00fade, no regime de trabalho de dedica\u00e7\u00e3o exclusiva, da Fun\u00e7\u00e3o Gratificada de Chefe do Departamento de Nutri\u00e7\u00e3o, FG-01, do citado Setor.  <!-- wp:paragraph {\"align\":\"right\"} \n\n<p style=\"text-align:right\">Ricardo Marcelo Fonseca\n<\/p>\n","protected":false},"author":49,"featured_media":0,"comment_status":"closed","ping_status":"closed","sticky":false,"template":"","format":"standard","meta":{"_acf_changed":false,"iawp_total_views":0,"footnotes":""},"categories":[117],"tags":[120],"class_list":["post-38559","post","type-post","status-publish","format-standard","hentry","category-rt","tag-funcao"],"acf":[],"_links":{"self":[{"href":"https:\/\/progepe.ufpr.br\/portarias\/wp-json\/wp\/v2\/posts\/38559","targetHints":{"allow":["GET"]}}],"collection":[{"href":"https:\/\/progepe.ufpr.br\/portarias\/wp-json\/wp\/v2\/posts"}],"about":[{"href":"https:\/\/progepe.ufpr.br\/portarias\/wp-json\/wp\/v2\/types\/post"}],"author":[{"embeddable":true,"href":"https:\/\/progepe.ufpr.br\/portarias\/wp-json\/wp\/v2\/users\/49"}],"replies":[{"embeddable":true,"href":"https:\/\/progepe.ufpr.br\/portarias\/wp-json\/wp\/v2\/comments?post=38559"}],"version-history":[{"count":1,"href":"https:\/\/progepe.ufpr.br\/portarias\/wp-json\/wp\/v2\/posts\/38559\/revisions"}],"predecessor-version":[{"id":193542,"href":"https:\/\/progepe.ufpr.br\/portarias\/wp-json\/wp\/v2\/posts\/38559\/revisions\/193542"}],"wp:attachment":[{"href":"https:\/\/progepe.ufpr.br\/portarias\/wp-json\/wp\/v2\/media?parent=38559"}],"wp:term":[{"taxonomy":"category","embeddable":true,"href":"https:\/\/progepe.ufpr.br\/portarias\/wp-json\/wp\/v2\/categories?post=38559"},{"taxonomy":"post_tag","embeddable":true,"href":"https:\/\/progepe.ufpr.br\/portarias\/wp-json\/wp\/v2\/tags?post=38559"}],"curies":[{"name":"wp","href":"https:\/\/api.w.org\/{rel}","templated":true}]}}