{"id":38595,"date":"2020-03-26T05:06:00","date_gmt":"2020-03-26T08:06:00","guid":{"rendered":"http:\/\/progepe.ufpr.br\/portal\/?post_type=portarias&#038;p=38595"},"modified":"2023-08-03T13:19:07","modified_gmt":"2023-08-03T16:19:07","slug":"rt-2020-00792","status":"publish","type":"post","link":"https:\/\/progepe.ufpr.br\/portarias\/rt-2020-00792\/","title":{"rendered":"PORTARIA N\u00ba 00792\/REITORIA, DE 26 DE MAR\u00c7O DE 2020"},"content":{"rendered":"\n<p><strong>O Reitor da Universidade Federal\ndo Paran\u00e1, <\/strong>no uso de suas\natribui\u00e7\u00f5es e tendo em vista o que consta no processo n\u00ba 23075.015527\/2020-12,<\/p>\n\n\n\n<p>RESOLVE:<\/p>\n\n\n\n<p>I. Exonerar, a partir da data de publica\u00e7\u00e3o em\nDOU, o servidor ADALTO ACIR ALTHAUS JUNIOR &#8211; 2379048, Professor do\nMagist\u00e9rio Superior, no regime de trabalho de dedica\u00e7\u00e3o exclusiva, do cargo de\nVice-Coordenador de Curso de P\u00f3s-Gradua\u00e7\u00e3o do Setor de Ci\u00eancias Sociais\nAplicadas (Programa de P\u00f3s-Gradua\u00e7\u00e3o em Desenvolvimento Econ\u00f4mico &#8211; Mestrado\nProfissional).<\/p>\n\n\n\n<p>II. Designar, a partir da data de publica\u00e7\u00e3o em\nDOU, at\u00e9 31 de maio de 2020, t\u00e9rmino do mandato, o citado servidor, para\nexercer, de acordo com o Art. 2\u00ba, Inciso I e Art. 4\u00ba da Resolu\u00e7\u00e3o n\u00ba\n04\/95-COUN, a Fun\u00e7\u00e3o\nComissionada de Coordena\u00e7\u00e3o de Curso &#8211; FCC, correspondente a fun\u00e7\u00e3o de\nCoordenador de Curso de\nP\u00f3s-Gradua\u00e7\u00e3o do Setor de Ci\u00eancias Sociais Aplicadas (Programa de P\u00f3s-Gradua\u00e7\u00e3o\nem Desenvolvimento Econ\u00f4mico &#8211; Mestrado Profissional),\nautorizada pela Lei n\u00ba 12.677, de 25 de junho de 2012, publicada no DOU de 26.06.2012\ne Portaria do MEC n\u00ba 1.172, de 17 de setembro de 2012.<\/p>\n\n\n\n<p>III. O mencionado servidor cumprir\u00e1,\nobrigatoriamente, o regime de trabalho de tempo integral, de acordo com o\ndisposto no \u00a7 5\u00ba, Art. 1\u00ba da Lei n\u00ba 8.168\/91.<\/p>\n\n\n\n<p style=\"text-align:right\">Ricardo Marcelo Fonseca<\/p>\n","protected":false},"excerpt":{"rendered":"<p>I. Exonerar, a partir da data de publica\u00e7\u00e3o em DOU, o servidor ADALTO ACIR ALTHAUS JUNIOR &#8211; 2379048, Professor do Magist\u00e9rio Superior, no regime de trabalho de dedica\u00e7\u00e3o exclusiva, do cargo de Vice-Coordenador de Curso de P\u00f3s-Gradua\u00e7\u00e3o do Setor de Ci\u00eancias Sociais Aplicadas (Programa de P\u00f3s-Gradua\u00e7\u00e3o em Desenvolvimento Econ\u00f4mico &#8211; Mestrado Profissional).  II. Designar, a partir da data de publica\u00e7\u00e3o em DOU, at\u00e9 31 de maio de 2020, t\u00e9rmino do mandato, o citado servidor, para exercer, de acordo com o Art. 2\u00ba, Inciso I e Art. 4\u00ba da Resolu\u00e7\u00e3o n\u00ba 04\/95-COUN, a Fun\u00e7\u00e3o Comissionada de Coordena\u00e7\u00e3o de<\/p>\n","protected":false},"author":49,"featured_media":0,"comment_status":"closed","ping_status":"closed","sticky":false,"template":"","format":"standard","meta":{"_acf_changed":false,"iawp_total_views":2,"footnotes":""},"categories":[117],"tags":[120],"class_list":["post-38595","post","type-post","status-publish","format-standard","hentry","category-rt","tag-funcao"],"acf":[],"_links":{"self":[{"href":"https:\/\/progepe.ufpr.br\/portarias\/wp-json\/wp\/v2\/posts\/38595","targetHints":{"allow":["GET"]}}],"collection":[{"href":"https:\/\/progepe.ufpr.br\/portarias\/wp-json\/wp\/v2\/posts"}],"about":[{"href":"https:\/\/progepe.ufpr.br\/portarias\/wp-json\/wp\/v2\/types\/post"}],"author":[{"embeddable":true,"href":"https:\/\/progepe.ufpr.br\/portarias\/wp-json\/wp\/v2\/users\/49"}],"replies":[{"embeddable":true,"href":"https:\/\/progepe.ufpr.br\/portarias\/wp-json\/wp\/v2\/comments?post=38595"}],"version-history":[{"count":1,"href":"https:\/\/progepe.ufpr.br\/portarias\/wp-json\/wp\/v2\/posts\/38595\/revisions"}],"predecessor-version":[{"id":193544,"href":"https:\/\/progepe.ufpr.br\/portarias\/wp-json\/wp\/v2\/posts\/38595\/revisions\/193544"}],"wp:attachment":[{"href":"https:\/\/progepe.ufpr.br\/portarias\/wp-json\/wp\/v2\/media?parent=38595"}],"wp:term":[{"taxonomy":"category","embeddable":true,"href":"https:\/\/progepe.ufpr.br\/portarias\/wp-json\/wp\/v2\/categories?post=38595"},{"taxonomy":"post_tag","embeddable":true,"href":"https:\/\/progepe.ufpr.br\/portarias\/wp-json\/wp\/v2\/tags?post=38595"}],"curies":[{"name":"wp","href":"https:\/\/api.w.org\/{rel}","templated":true}]}}