{"id":38694,"date":"2020-03-26T10:00:00","date_gmt":"2020-03-26T13:00:00","guid":{"rendered":"http:\/\/progepe.ufpr.br\/portal\/?post_type=portarias&#038;p=38694"},"modified":"2023-08-03T12:54:28","modified_gmt":"2023-08-03T15:54:28","slug":"progepe-2020-00972","status":"publish","type":"post","link":"https:\/\/progepe.ufpr.br\/portarias\/progepe-2020-00972\/","title":{"rendered":"PORTARIA N\u00ba 00972\/PROGEPE, DE 26 DE MAR\u00c7O DE 2020"},"content":{"rendered":"\n<p><strong>O Pr\u00f3-Reitor de Gest\u00e3o de Pessoas da Universidade Federal do Paran\u00e1, <\/strong>no  uso de suas atribui\u00e7\u00f5es, tendo em vista a compet\u00eancia que lhe \u00e9  conferida pela Portaria n\u00ba 2.590, de 26 de setembro de 1997 e  considerando o que consta no processo n\u00ba 23075.085692\/2019-06; <\/p>\n\n\n\n<p>RESOLVE:<\/p>\n\n\n\n<p> Conceder Aposentadoria Volunt\u00e1ria por Tempo de Contribui\u00e7\u00e3o, nos termos  do Art. 3\u00ba da Emenda Constitucional n\u00ba 47\/2005, combinado com o Art. 3\u00ba  da Emenda Constitucional n\u00ba 103\/2019, \u00e0 servidora MARTA FRANCIS  BENEVIDES REHME &#8211; 42758, lotada no Departamento de Tocoginecologia do  Setor de Ci\u00eancias da Sa\u00fade, ocupante do cargo de Professor Adjunto,  n\u00edvel 603, com Doutorado, no regime de trabalho de 40 (quarenta) horas  semanais, com o vencimento do mencionado cargo, mais a Gratifica\u00e7\u00e3o  Adicional por Tempo de Servi\u00e7o, prevista no Art. 67 da Lei n\u00b0  8.112\/1990, no \u00edndice de 10% (dez por cento), calculada sobre o  vencimento b\u00e1sico, mais a Retribui\u00e7\u00e3o por Titula\u00e7\u00e3o, institu\u00edda pela Lei  n\u00b0 12.772\/2012. <\/p>\n\n\n\n<p class=\"has-text-align-right\"><\/p>\n","protected":false},"excerpt":{"rendered":"<p>Conceder Aposentadoria Volunt\u00e1ria por Tempo de Contribui\u00e7\u00e3o, nos termos do Art. 3\u00ba da Emenda Constitucional n\u00ba 47\/2005, combinado com o Art. 3\u00ba da Emenda Constitucional n\u00ba 103\/2019, \u00e0 servidora MARTA FRANCIS BENEVIDES REHME &#8211; 42758, lotada no Departamento de Tocoginecologia do Setor de Ci\u00eancias da Sa\u00fade, ocupante do cargo de Professor Adjunto, n\u00edvel 603, com Doutorado, no regime de trabalho de 40 (quarenta) horas semanais, com o vencimento do mencionado cargo, mais a Gratifica\u00e7\u00e3o Adicional por Tempo de Servi\u00e7o, prevista no Art. 67 da Lei n\u00b0 8.112\/1990, no \u00edndice de 10% (dez por cento), calculada sobre o<\/p>\n","protected":false},"author":48,"featured_media":0,"comment_status":"closed","ping_status":"open","sticky":false,"template":"","format":"standard","meta":{"_acf_changed":false,"iawp_total_views":2,"footnotes":""},"categories":[116],"tags":[125],"class_list":["post-38694","post","type-post","status-publish","format-standard","hentry","category-progepe","tag-aposentadoria"],"acf":[],"_links":{"self":[{"href":"https:\/\/progepe.ufpr.br\/portarias\/wp-json\/wp\/v2\/posts\/38694","targetHints":{"allow":["GET"]}}],"collection":[{"href":"https:\/\/progepe.ufpr.br\/portarias\/wp-json\/wp\/v2\/posts"}],"about":[{"href":"https:\/\/progepe.ufpr.br\/portarias\/wp-json\/wp\/v2\/types\/post"}],"author":[{"embeddable":true,"href":"https:\/\/progepe.ufpr.br\/portarias\/wp-json\/wp\/v2\/users\/48"}],"replies":[{"embeddable":true,"href":"https:\/\/progepe.ufpr.br\/portarias\/wp-json\/wp\/v2\/comments?post=38694"}],"version-history":[{"count":3,"href":"https:\/\/progepe.ufpr.br\/portarias\/wp-json\/wp\/v2\/posts\/38694\/revisions"}],"predecessor-version":[{"id":124908,"href":"https:\/\/progepe.ufpr.br\/portarias\/wp-json\/wp\/v2\/posts\/38694\/revisions\/124908"}],"wp:attachment":[{"href":"https:\/\/progepe.ufpr.br\/portarias\/wp-json\/wp\/v2\/media?parent=38694"}],"wp:term":[{"taxonomy":"category","embeddable":true,"href":"https:\/\/progepe.ufpr.br\/portarias\/wp-json\/wp\/v2\/categories?post=38694"},{"taxonomy":"post_tag","embeddable":true,"href":"https:\/\/progepe.ufpr.br\/portarias\/wp-json\/wp\/v2\/tags?post=38694"}],"curies":[{"name":"wp","href":"https:\/\/api.w.org\/{rel}","templated":true}]}}