{"id":38874,"date":"2020-03-31T10:48:00","date_gmt":"2020-03-31T13:48:00","guid":{"rendered":"http:\/\/progepe.ufpr.br\/portal\/?post_type=portarias&#038;p=38874"},"modified":"2023-08-03T12:54:43","modified_gmt":"2023-08-03T15:54:43","slug":"progepe-2020-01085","status":"publish","type":"post","link":"https:\/\/progepe.ufpr.br\/portarias\/progepe-2020-01085\/","title":{"rendered":"PORTARIA N\u00ba 01085\/PROGEPE, DE 31 DE MAR\u00c7O DE 2020"},"content":{"rendered":"\n<p><strong>O Pr\u00f3-Reitor de Gest\u00e3o de Pessoas da Universidade Federal do Paran\u00e1,<\/strong>  no uso de suas atribui\u00e7\u00f5es, tendo em vista a compet\u00eancia que lhe \u00e9  conferida pela Portaria n\u00ba 2.590, de 26 de setembro de 1997 e  considerando o contido nos artigos 18, 19 e 20 da Resolu\u00e7\u00e3o n\u00ba  002\/2000-COPLAD e ainda o contido no processo n\u00ba 23075.001708\/2020-61, <\/p>\n\n\n\n<p>RESOLVE:<\/p>\n\n\n\n<p>Designar para compor a comiss\u00e3o respons\u00e1vel\n pela primeira etapa da avalia\u00e7\u00e3o de desempenho em est\u00e1gio probat\u00f3rio da\n servidora ELIS CRISTINA MARQUES \u2013 3123350, ocupante do cargo de M\u00e9dico \n\u00c1rea, lotada na Unidade de Saude Ocupacional do Servidor da Pr\u00f3-Reitoria\n de Gest\u00e3o de Pessoas, os seguintes membros:<\/p>\n\n\n\n<ul class=\"wp-block-list\"><li>\n\tNELIO JUNIOR BARROS FIORENZA &#8211; 3105785\n\t<\/li><li>\n\tDANILLO RAMOS DA SILVA &#8211; 2316789\n\t<\/li><li>\n\tRUI BOCCHINO MACEDO &#8211; 1582994\n\t<\/li><\/ul>\n\n\n\n<p style=\"text-align:right\"><strong>DOUGLAS ORTIZ HAMERMULLER<\/strong><\/p>\n","protected":false},"excerpt":{"rendered":"<p>Designar para compor a comiss\u00e3o respons\u00e1vel pela primeira etapa da avalia\u00e7\u00e3o de desempenho em est\u00e1gio probat\u00f3rio da servidora ELIS CRISTINA MARQUES \u2013 3123350, ocupante do cargo de M\u00e9dico \u00c1rea, lotada na Unidade de Saude Ocupacional do Servidor da Pr\u00f3-Reitoria de Gest\u00e3o de Pessoas, os seguintes membros:  <!-- wp:list \n\n<ul>\n\n<li> NELIO JUNIOR BARROS FIORENZA - 3105785 <\/li>\n\n\n\n<li> DANILLO RAMOS DA SILVA - 2316789 <\/li>\n\n\n\n<li> RUI BOCCHINO MACEDO - 1582994 <\/li>\n\n<\/ul>\n\n <!-- \/wp:list  <!-- wp:paragraph {\"align\":\"right\"} \n\n<p style=\"text-align:right\"><strong>DOUGLAS ORTIZ HAMERMULLER<\/strong>\n<\/p>\n","protected":false},"author":48,"featured_media":0,"comment_status":"closed","ping_status":"closed","sticky":false,"template":"","format":"standard","meta":{"_acf_changed":false,"iawp_total_views":0,"footnotes":""},"categories":[116],"tags":[124],"class_list":["post-38874","post","type-post","status-publish","format-standard","hentry","category-progepe","tag-comissao"],"acf":[],"_links":{"self":[{"href":"https:\/\/progepe.ufpr.br\/portarias\/wp-json\/wp\/v2\/posts\/38874","targetHints":{"allow":["GET"]}}],"collection":[{"href":"https:\/\/progepe.ufpr.br\/portarias\/wp-json\/wp\/v2\/posts"}],"about":[{"href":"https:\/\/progepe.ufpr.br\/portarias\/wp-json\/wp\/v2\/types\/post"}],"author":[{"embeddable":true,"href":"https:\/\/progepe.ufpr.br\/portarias\/wp-json\/wp\/v2\/users\/48"}],"replies":[{"embeddable":true,"href":"https:\/\/progepe.ufpr.br\/portarias\/wp-json\/wp\/v2\/comments?post=38874"}],"version-history":[{"count":1,"href":"https:\/\/progepe.ufpr.br\/portarias\/wp-json\/wp\/v2\/posts\/38874\/revisions"}],"predecessor-version":[{"id":193577,"href":"https:\/\/progepe.ufpr.br\/portarias\/wp-json\/wp\/v2\/posts\/38874\/revisions\/193577"}],"wp:attachment":[{"href":"https:\/\/progepe.ufpr.br\/portarias\/wp-json\/wp\/v2\/media?parent=38874"}],"wp:term":[{"taxonomy":"category","embeddable":true,"href":"https:\/\/progepe.ufpr.br\/portarias\/wp-json\/wp\/v2\/categories?post=38874"},{"taxonomy":"post_tag","embeddable":true,"href":"https:\/\/progepe.ufpr.br\/portarias\/wp-json\/wp\/v2\/tags?post=38874"}],"curies":[{"name":"wp","href":"https:\/\/api.w.org\/{rel}","templated":true}]}}