{"id":38922,"date":"2020-03-31T10:43:00","date_gmt":"2020-03-31T13:43:00","guid":{"rendered":"http:\/\/progepe.ufpr.br\/portal\/?post_type=portarias&#038;p=38922"},"modified":"2023-08-03T12:54:42","modified_gmt":"2023-08-03T15:54:42","slug":"progepe-2020-01080","status":"publish","type":"post","link":"https:\/\/progepe.ufpr.br\/portarias\/progepe-2020-01080\/","title":{"rendered":"PORTARIA N\u00ba 01080\/PROGEPE, DE 31 DE MAR\u00c7O DE 2020"},"content":{"rendered":"\n<p><strong>O Pr\u00f3-Reitor de Gest\u00e3o de Pessoas da Universidade Federal do Paran\u00e1,<\/strong>  no uso de suas atribui\u00e7\u00f5es, tendo em vista a compet\u00eancia que lhe \u00e9  conferida pela Portaria n\u00ba 2.590, de 26 de setembro de 1997; o que  consta no Art. 100 e 103 da Lei n\u00ba 8.112\/90 e ainda o contido no  processo n\u00ba 23075.018849\/2020-13, <\/p>\n\n\n\n<p>RESOLVE:<\/p>\n\n\n\n<p>Averbar, a partir de 17 de mar\u00e7o de 2020, \nem favor do servidor FRANCISCO PAULO CIPOLLA &#8211; 6344087, ocupante do \ncargo de Professor do Magist\u00e9rio Superior, lotado no Departamento de \nEconomia do Setor de Ci\u00eancias Sociais Aplicadas, o tempo de servi\u00e7o \nabaixo listado, para fins de:<\/p>\n\n\n\n<p>Aposentadoria e disponibilidade:<\/p>\n\n\n\n<table class=\"wp-block-table\"><tbody><tr><td>\n\t\t\tEMPRESA\n\t\t\t<\/td><td>\n\t\t\tPER\u00cdODO\n\t\t\t<\/td><td>\n\t\t\tTOTAL DE DIAS\n\t\t\t<\/td><\/tr><tr><td>\n\t\t\tCENTRO BRASILEIRO DE ANALISE E PLANEJAMENTO CEBRAP\n\t\t\t<\/td><td>\n\t\t\t02\/01\/1977 a 31\/05\/1977\n\t\t\t<\/td><td>\n\t\t\t150\n\t\t\t<\/td><\/tr><tr><td>\n\t\t\tMICROFICHA\n\t\t\t<\/td><td>\n\t\t\t01\/05\/1978 a 30\/04\/1979\n\t\t\t<\/td><td>\n\t\t\t365\n\t\t\t<\/td><\/tr><tr><td>\n\t\t\tCENTRO BRASILEIRO DE ANALISE E PLANEJAMENTO CEBRAP\n\t\t\t<\/td><td>\n\t\t\t02\/05\/1979 a 30\/06\/1979\n\t\t\t<\/td><td>\n\t\t\t60\n\t\t\t<\/td><\/tr><tr><td>\n\t\t\tMICROFICHA\n\t\t\t<\/td><td>\n\t\t\t01\/07\/1979 a 31\/07\/1979\n\t\t\t<\/td><td>\n\t\t\t31\n\t\t\t<\/td><\/tr><tr><td>\n\t\t\tCENTRO BRASILEIRO DE ANALISE E PLANEJAMENTO CEBRAP\n\t\t\t<\/td><td>\n\t\t\t01\/08\/1979 a 30\/06\/1980\n\t\t\t<\/td><td>\n\t\t\t335<\/td><\/tr><\/tbody><\/table>\n\n\n\n<p style=\"text-align:right\"><strong>DOUGLAS ORTIZ HAMERMULLER<\/strong><\/p>\n","protected":false},"excerpt":{"rendered":"<p>Averbar, a partir de 17 de mar\u00e7o de 2020, em favor do servidor FRANCISCO PAULO CIPOLLA &#8211; 6344087, ocupante do cargo de Professor do Magist\u00e9rio Superior, lotado no Departamento de Economia do Setor de Ci\u00eancias Sociais Aplicadas, o tempo de servi\u00e7o abaixo listado, para fins de:  Aposentadoria e disponibilidade:  <!-- wp:table \n\n<table class=\"wp-block-table\">\n\n<tbody>\n\n<tr>\n\n<td>  EMPRESA  <\/td>\n\n\n\n<td>  PER\u00cdODO  <\/td>\n\n\n\n<td>  TOTAL DE DIAS  <\/td>\n\n<\/tr>\n\n\n\n<tr>\n\n<td>  CENTRO BRASILEIRO DE ANALISE E PLANEJAMENTO CEBRAP  <\/td>\n\n\n\n<td>  02\/01\/1977 a 31\/05\/1977  <\/td>\n\n\n\n<td>  150  <\/td>\n\n<\/tr>\n\n\n\n<tr>\n\n<td>  MICROFICHA  <\/td>\n\n\n\n<td>  01\/05\/1978 a 30\/04\/1979\n<\/p>\n","protected":false},"author":48,"featured_media":0,"comment_status":"closed","ping_status":"closed","sticky":false,"template":"","format":"standard","meta":{"_acf_changed":false,"iawp_total_views":0,"footnotes":""},"categories":[116],"tags":[140],"class_list":["post-38922","post","type-post","status-publish","format-standard","hentry","category-progepe","tag-averbacao-desaverbacao"],"acf":[],"_links":{"self":[{"href":"https:\/\/progepe.ufpr.br\/portarias\/wp-json\/wp\/v2\/posts\/38922","targetHints":{"allow":["GET"]}}],"collection":[{"href":"https:\/\/progepe.ufpr.br\/portarias\/wp-json\/wp\/v2\/posts"}],"about":[{"href":"https:\/\/progepe.ufpr.br\/portarias\/wp-json\/wp\/v2\/types\/post"}],"author":[{"embeddable":true,"href":"https:\/\/progepe.ufpr.br\/portarias\/wp-json\/wp\/v2\/users\/48"}],"replies":[{"embeddable":true,"href":"https:\/\/progepe.ufpr.br\/portarias\/wp-json\/wp\/v2\/comments?post=38922"}],"version-history":[{"count":1,"href":"https:\/\/progepe.ufpr.br\/portarias\/wp-json\/wp\/v2\/posts\/38922\/revisions"}],"predecessor-version":[{"id":193582,"href":"https:\/\/progepe.ufpr.br\/portarias\/wp-json\/wp\/v2\/posts\/38922\/revisions\/193582"}],"wp:attachment":[{"href":"https:\/\/progepe.ufpr.br\/portarias\/wp-json\/wp\/v2\/media?parent=38922"}],"wp:term":[{"taxonomy":"category","embeddable":true,"href":"https:\/\/progepe.ufpr.br\/portarias\/wp-json\/wp\/v2\/categories?post=38922"},{"taxonomy":"post_tag","embeddable":true,"href":"https:\/\/progepe.ufpr.br\/portarias\/wp-json\/wp\/v2\/tags?post=38922"}],"curies":[{"name":"wp","href":"https:\/\/api.w.org\/{rel}","templated":true}]}}