{"id":38940,"date":"2020-03-31T10:42:00","date_gmt":"2020-03-31T13:42:00","guid":{"rendered":"http:\/\/progepe.ufpr.br\/portal\/?post_type=portarias&#038;p=38940"},"modified":"2023-08-03T12:54:42","modified_gmt":"2023-08-03T15:54:42","slug":"progepe-2020-01079","status":"publish","type":"post","link":"https:\/\/progepe.ufpr.br\/portarias\/progepe-2020-01079\/","title":{"rendered":"PORTARIA N\u00ba 01079\/PROGEPE, DE 31 DE MAR\u00c7O DE 2020"},"content":{"rendered":"\n<p><strong>O Pr\u00f3-Reitor de Gest\u00e3o de Pessoas da Universidade Federal do Paran\u00e1,<\/strong>  no uso de suas atribui\u00e7\u00f5es, tendo em vista a compet\u00eancia que lhe \u00e9  conferida pela Portaria n\u00ba 2.590, de 26 de setembro de 1997 e ainda o  contido no processo n\u00ba 23075.088311\/2019-32, <\/p>\n\n\n\n<p>RESOLVE:<\/p>\n\n\n\n<p>I. Tornar sem efeito a Portaria n\u00ba 577\/PROGEPE, de 17 de fevereiro de 2020.<\/p>\n\n\n\n<p>II. Retificar a Portaria n\u00ba 5.133\/PROGEPE, \nde 30 de dezembro de 2019, que averbou tempo de servi\u00e7o em favor do \nservidor JHELIO AFONSO GHIZONI TEIVE &#8211; 2047164, ocupante do cargo de \nM\u00e9dico \u00c1rea, lotado no Servi\u00e7o de Neurologia do Hospital de Cl\u00ednicas:<\/p>\n\n\n\n<p>Onde se l\u00ea:<\/p>\n\n\n\n<table class=\"wp-block-table\"><tbody><tr><td>\n\t\t\tEMPRESA\n\t\t\t<\/td><td>\n\t\t\tPER\u00cdODO\n\t\t\t<\/td><td>\n\t\t\tTOTAL DE DIAS\n\t\t\t<\/td><\/tr><tr><td>\n\t\t\tMEDIRAD EQUIP.DE RADIOLOGIA E RESSONANCIA NUCLEAR LTDA\n\t\t\t<\/td><td>\n\t\t\t01\/12\/1986 a 20\/01\/1999\n\t\t\t<\/td><td>\n\t\t\t4434\n\t\t\t<\/td><\/tr><\/tbody><\/table>\n\n\n\n<p>Leia-se:<\/p>\n\n\n\n<table class=\"wp-block-table\"><tbody><tr><td>\n\t\t\tEMPRESA\n\t\t\t<\/td><td>\n\t\t\tPER\u00cdODO\n\t\t\t<\/td><td>\n\t\t\tTOTAL DE DIAS\n\t\t\t<\/td><\/tr><tr><td>\n\t\t\tMEDIRAD EQUIP.DE RADIOLOGIA E RESSONANCIA NUCLEAR LTDA\n\t\t\t<\/td><td>\n\t\t\t01\/12\/1986 a 07\/08\/1996\n\t\t\t<\/td><td>\n\t\t\t3538<\/td><\/tr><\/tbody><\/table>\n\n\n\n<p style=\"text-align:right\"><strong>DOUGLAS ORTIZ HAMERMULLER<\/strong><\/p>\n","protected":false},"excerpt":{"rendered":"<p>I. Tornar sem efeito a Portaria n\u00ba 577\/PROGEPE, de 17 de fevereiro de 2020.  II. Retificar a Portaria n\u00ba 5.133\/PROGEPE, de 30 de dezembro de 2019, que averbou tempo de servi\u00e7o em favor do servidor JHELIO AFONSO GHIZONI TEIVE &#8211; 2047164, ocupante do cargo de M\u00e9dico \u00c1rea, lotado no Servi\u00e7o de Neurologia do Hospital de Cl\u00ednicas:  Onde se l\u00ea:  <!-- wp:table \n\n<table class=\"wp-block-table\">\n\n<tbody>\n\n<tr>\n\n<td>  EMPRESA  <\/td>\n\n\n\n<td>  PER\u00cdODO  <\/td>\n\n\n\n<td>  TOTAL DE DIAS  <\/td>\n\n<\/tr>\n\n\n\n<tr>\n\n<td>  MEDIRAD EQUIP.DE RADIOLOGIA E RESSONANCIA NUCLEAR LTDA  <\/td>\n\n\n\n<td>  01\/12\/1986 a 20\/01\/1999  <\/td>\n\n\n\n<td>  4434\n<\/p>\n","protected":false},"author":48,"featured_media":0,"comment_status":"closed","ping_status":"closed","sticky":false,"template":"","format":"standard","meta":{"_acf_changed":false,"iawp_total_views":0,"footnotes":""},"categories":[116],"tags":[140],"class_list":["post-38940","post","type-post","status-publish","format-standard","hentry","category-progepe","tag-averbacao-desaverbacao"],"acf":[],"_links":{"self":[{"href":"https:\/\/progepe.ufpr.br\/portarias\/wp-json\/wp\/v2\/posts\/38940","targetHints":{"allow":["GET"]}}],"collection":[{"href":"https:\/\/progepe.ufpr.br\/portarias\/wp-json\/wp\/v2\/posts"}],"about":[{"href":"https:\/\/progepe.ufpr.br\/portarias\/wp-json\/wp\/v2\/types\/post"}],"author":[{"embeddable":true,"href":"https:\/\/progepe.ufpr.br\/portarias\/wp-json\/wp\/v2\/users\/48"}],"replies":[{"embeddable":true,"href":"https:\/\/progepe.ufpr.br\/portarias\/wp-json\/wp\/v2\/comments?post=38940"}],"version-history":[{"count":1,"href":"https:\/\/progepe.ufpr.br\/portarias\/wp-json\/wp\/v2\/posts\/38940\/revisions"}],"predecessor-version":[{"id":193583,"href":"https:\/\/progepe.ufpr.br\/portarias\/wp-json\/wp\/v2\/posts\/38940\/revisions\/193583"}],"wp:attachment":[{"href":"https:\/\/progepe.ufpr.br\/portarias\/wp-json\/wp\/v2\/media?parent=38940"}],"wp:term":[{"taxonomy":"category","embeddable":true,"href":"https:\/\/progepe.ufpr.br\/portarias\/wp-json\/wp\/v2\/categories?post=38940"},{"taxonomy":"post_tag","embeddable":true,"href":"https:\/\/progepe.ufpr.br\/portarias\/wp-json\/wp\/v2\/tags?post=38940"}],"curies":[{"name":"wp","href":"https:\/\/api.w.org\/{rel}","templated":true}]}}