{"id":38958,"date":"2020-03-31T10:41:00","date_gmt":"2020-03-31T13:41:00","guid":{"rendered":"http:\/\/progepe.ufpr.br\/portal\/?post_type=portarias&#038;p=38958"},"modified":"2023-08-03T12:54:42","modified_gmt":"2023-08-03T15:54:42","slug":"progepe-2020-01078","status":"publish","type":"post","link":"https:\/\/progepe.ufpr.br\/portarias\/progepe-2020-01078\/","title":{"rendered":"PORTARIA N\u00ba 01078\/PROGEPE, DE 31 DE MAR\u00c7O DE 2020"},"content":{"rendered":"\n<p><strong>O Pr\u00f3-Reitor de Gest\u00e3o de Pessoas da Universidade Federal do Paran\u00e1,<\/strong>  no uso de suas atribui\u00e7\u00f5es, tendo em vista a compet\u00eancia que lhe \u00e9  conferida pela Portaria n\u00ba 2.590, de 26 de setembro de 1997; o que  consta no Art. 100 e 103 da Lei n\u00ba 8.112\/90 e ainda o contido no  processo n\u00ba 23075.019133\/2020-33, <\/p>\n\n\n\n<p>RESOLVE:<\/p>\n\n\n\n<p>Averbar, a partir de 17 de mar\u00e7o de 2020, \nem favor do servidor RODRIGO FELIZARDO &#8211; 2426457, ocupante do cargo de \nAuxiliar de Biblioteca, lotado na Biblioteca de Ci\u00eancias Sociais \nAplicadas do Sistema de Bibliotecas, o tempo de servi\u00e7o abaixo listado, \npara fins de:<\/p>\n\n\n\n<p>Aposentadoria e disponibilidade:<\/p>\n\n\n\n<table class=\"wp-block-table\"><tbody><tr><td>\n\t\t\tEMPRESA\n\t\t\t<\/td><td>\n\t\t\tPER\u00cdODO\n\t\t\t<\/td><td>\n\t\t\tTOTAL DE DIAS\n\t\t\t<\/td><\/tr><tr><td>\n\t\t\t&nbsp;TECNOLIMP SERVICOS LTDA\n\t\t\t<\/td><td>\n\t\t\t26\/02\/2014 a 05\/12\/2016\n\t\t\t<\/td><td>\n\t\t\t1014\n\t\t\t<\/td><\/tr><tr><td>\n\t\t\tECOLIMP SERVICOS GERAIS EIRELI\n\t\t\t<\/td><td>\n\t\t\t14\/03\/2017 a 02\/10\/2017&nbsp;\n\t\t\t<\/td><td>\n\t\t\t203<\/td><\/tr><\/tbody><\/table>\n\n\n\n<p style=\"text-align:right\"><strong>DOUGLAS ORTIZ HAMERMULLER<\/strong><\/p>\n","protected":false},"excerpt":{"rendered":"<p>Averbar, a partir de 17 de mar\u00e7o de 2020, em favor do servidor RODRIGO FELIZARDO &#8211; 2426457, ocupante do cargo de Auxiliar de Biblioteca, lotado na Biblioteca de Ci\u00eancias Sociais Aplicadas do Sistema de Bibliotecas, o tempo de servi\u00e7o abaixo listado, para fins de:  Aposentadoria e disponibilidade:  <!-- wp:table \n\n<table class=\"wp-block-table\">\n\n<tbody>\n\n<tr>\n\n<td>  EMPRESA  <\/td>\n\n\n\n<td>  PER\u00cdODO  <\/td>\n\n\n\n<td>  TOTAL DE DIAS  <\/td>\n\n<\/tr>\n\n\n\n<tr>\n\n<td>  &nbsp;TECNOLIMP SERVICOS LTDA  <\/td>\n\n\n\n<td>  26\/02\/2014 a 05\/12\/2016  <\/td>\n\n\n\n<td>  1014  <\/td>\n\n<\/tr>\n\n\n\n<tr>\n\n<td>  ECOLIMP SERVICOS GERAIS EIRELI  <\/td>\n\n\n\n<td>  14\/03\/2017 a 02\/10\/2017&nbsp;  <\/td>\n\n\n\n<td>  203<\/td>\n\n<\/tr>\n\n<\/tbody>\n\n<\/table>\n\n\n<\/p>\n","protected":false},"author":48,"featured_media":0,"comment_status":"closed","ping_status":"closed","sticky":false,"template":"","format":"standard","meta":{"_acf_changed":false,"iawp_total_views":0,"footnotes":""},"categories":[116],"tags":[140],"class_list":["post-38958","post","type-post","status-publish","format-standard","hentry","category-progepe","tag-averbacao-desaverbacao"],"acf":[],"_links":{"self":[{"href":"https:\/\/progepe.ufpr.br\/portarias\/wp-json\/wp\/v2\/posts\/38958","targetHints":{"allow":["GET"]}}],"collection":[{"href":"https:\/\/progepe.ufpr.br\/portarias\/wp-json\/wp\/v2\/posts"}],"about":[{"href":"https:\/\/progepe.ufpr.br\/portarias\/wp-json\/wp\/v2\/types\/post"}],"author":[{"embeddable":true,"href":"https:\/\/progepe.ufpr.br\/portarias\/wp-json\/wp\/v2\/users\/48"}],"replies":[{"embeddable":true,"href":"https:\/\/progepe.ufpr.br\/portarias\/wp-json\/wp\/v2\/comments?post=38958"}],"version-history":[{"count":1,"href":"https:\/\/progepe.ufpr.br\/portarias\/wp-json\/wp\/v2\/posts\/38958\/revisions"}],"predecessor-version":[{"id":193584,"href":"https:\/\/progepe.ufpr.br\/portarias\/wp-json\/wp\/v2\/posts\/38958\/revisions\/193584"}],"wp:attachment":[{"href":"https:\/\/progepe.ufpr.br\/portarias\/wp-json\/wp\/v2\/media?parent=38958"}],"wp:term":[{"taxonomy":"category","embeddable":true,"href":"https:\/\/progepe.ufpr.br\/portarias\/wp-json\/wp\/v2\/categories?post=38958"},{"taxonomy":"post_tag","embeddable":true,"href":"https:\/\/progepe.ufpr.br\/portarias\/wp-json\/wp\/v2\/tags?post=38958"}],"curies":[{"name":"wp","href":"https:\/\/api.w.org\/{rel}","templated":true}]}}