{"id":39840,"date":"2020-04-02T05:05:00","date_gmt":"2020-04-02T08:05:00","guid":{"rendered":"http:\/\/progepe.ufpr.br\/portal\/?post_type=portarias&#038;p=39840"},"modified":"2023-08-03T13:19:08","modified_gmt":"2023-08-03T16:19:08","slug":"rt-2020-00804","status":"publish","type":"post","link":"https:\/\/progepe.ufpr.br\/portarias\/rt-2020-00804\/","title":{"rendered":"PORTARIA N\u00ba 00804\/REITORIA, DE 02 DE ABRIL DE 2020"},"content":{"rendered":"\n<p>Designar,\nconforme relacionado abaixo, os representantes da comunidade junto aos\nConselhos Superiores, pelo per\u00edodo de 02(dois) anos, a partir de 12 de mar\u00e7o de\n2020:<\/p>\n\n\n\n<h5 class=\"wp-block-heading\">&nbsp;<\/h5>\n\n\n\n<h5 class=\"wp-block-heading\">Conselho\nde Ensino, Pesquisa e Extens\u00e3o &#8211; CEPE<\/h5>\n\n\n\n<p><strong>Titulares:<\/strong><\/p>\n\n\n\n<p>ANA\nCAROLINA MOURA MELO DARTORA<\/p>\n\n\n\n<p>KAREN\nFABRICIA VENAZZI<\/p>\n\n\n\n<p><strong>Suplentes:<\/strong><\/p>\n\n\n\n<p>PAULO\nSERGIO VIEIRA<\/p>\n\n\n\n<p>MAIRA\nSILVA MARQUES DA FONSECA<\/p>\n\n\n\n<h5 class=\"wp-block-heading\">Conselho\nde Planejamento e Administra\u00e7\u00e3o &#8211; COPLAD<\/h5>\n\n\n\n<p><strong>Titulares:<\/strong><\/p>\n\n\n\n<p>ANTONIO ALPENDRE DA SILVA<\/p>\n\n\n\n<p>ANTONINHO CARON<\/p>\n\n\n\n<p><strong>Suplentes:<\/strong><\/p>\n\n\n\n<p>LINEU FERREIRA RIBAS<\/p>\n\n\n\n<p>SANDRA COMODARO<\/p>\n\n\n\n<h5 class=\"wp-block-heading\">Conselho\nde Curadores &#8211; CONCUR<\/h5>\n\n\n\n<p><strong>Titular:<\/strong><\/p>\n\n\n\n<p>EVERTON CALAMUCCI<\/p>\n\n\n\n<p><strong>Suplente:<\/strong><\/p>\n\n\n\n<p>FRANCISCO LEITE<\/p>\n\n\n\n<p style=\"text-align:right\">Ricardo\nMarcelo Fonseca<\/p>\n","protected":false},"excerpt":{"rendered":"<p>Designar, conforme relacionado abaixo, os representantes da comunidade junto aos Conselhos Superiores, pelo per\u00edodo de 02(dois) anos, a partir de 12 de mar\u00e7o de 2020: &nbsp; Conselho de Ensino, Pesquisa e Extens\u00e3o &#8211; CEPE Titulares: ANA CAROLINA MOURA MELO DARTORA KAREN FABRICIA VENAZZI Suplentes: PAULO SERGIO VIEIRA MAIRA SILVA MARQUES DA FONSECA Conselho de Planejamento [&hellip;]<\/p>\n","protected":false},"author":49,"featured_media":0,"comment_status":"closed","ping_status":"closed","sticky":false,"template":"","format":"standard","meta":{"_acf_changed":false,"iawp_total_views":0,"footnotes":""},"categories":[117],"tags":[126],"class_list":["post-39840","post","type-post","status-publish","format-standard","hentry","category-rt","tag-representante"],"acf":[],"_links":{"self":[{"href":"https:\/\/progepe.ufpr.br\/portarias\/wp-json\/wp\/v2\/posts\/39840","targetHints":{"allow":["GET"]}}],"collection":[{"href":"https:\/\/progepe.ufpr.br\/portarias\/wp-json\/wp\/v2\/posts"}],"about":[{"href":"https:\/\/progepe.ufpr.br\/portarias\/wp-json\/wp\/v2\/types\/post"}],"author":[{"embeddable":true,"href":"https:\/\/progepe.ufpr.br\/portarias\/wp-json\/wp\/v2\/users\/49"}],"replies":[{"embeddable":true,"href":"https:\/\/progepe.ufpr.br\/portarias\/wp-json\/wp\/v2\/comments?post=39840"}],"version-history":[{"count":1,"href":"https:\/\/progepe.ufpr.br\/portarias\/wp-json\/wp\/v2\/posts\/39840\/revisions"}],"predecessor-version":[{"id":193667,"href":"https:\/\/progepe.ufpr.br\/portarias\/wp-json\/wp\/v2\/posts\/39840\/revisions\/193667"}],"wp:attachment":[{"href":"https:\/\/progepe.ufpr.br\/portarias\/wp-json\/wp\/v2\/media?parent=39840"}],"wp:term":[{"taxonomy":"category","embeddable":true,"href":"https:\/\/progepe.ufpr.br\/portarias\/wp-json\/wp\/v2\/categories?post=39840"},{"taxonomy":"post_tag","embeddable":true,"href":"https:\/\/progepe.ufpr.br\/portarias\/wp-json\/wp\/v2\/tags?post=39840"}],"curies":[{"name":"wp","href":"https:\/\/api.w.org\/{rel}","templated":true}]}}