{"id":39864,"date":"2020-04-02T05:06:00","date_gmt":"2020-04-02T08:06:00","guid":{"rendered":"http:\/\/progepe.ufpr.br\/portal\/?post_type=portarias&#038;p=39864"},"modified":"2023-08-03T13:19:08","modified_gmt":"2023-08-03T16:19:08","slug":"rt-2020-00805","status":"publish","type":"post","link":"https:\/\/progepe.ufpr.br\/portarias\/rt-2020-00805\/","title":{"rendered":"PORTARIA N\u00ba 00805\/REITORIA, DE 02 DE ABRIL DE 2020"},"content":{"rendered":"\n<p><strong>O Reitor da Universidade Federal do Paran\u00e1, <\/strong>no uso de\nsuas atribui\u00e7\u00f5es e tendo em vista o que consta no processo n\u00ba 23075.006081\/2020-35,<\/p>\n\n\n\n<p>RESOLVE:<\/p>\n\n\n\n<p>Designar o\nservidor EVELIO MARTIN GARCIA FERNANDEZ &#8211; 2412692, Professor do Magist\u00e9rio Superior, como representante Suplente\ndo Setor de Tecnologia, junto ao Conselho de Ensino, Pesquisa e Extens\u00e3o &#8211;\nCEPE, at\u00e9 09 de agosto de 2020.<\/p>\n\n\n\n<p style=\"text-align:right\">Ricardo\nMarcelo Fonseca<\/p>\n","protected":false},"excerpt":{"rendered":"<p>Designar o servidor EVELIO MARTIN GARCIA FERNANDEZ &#8211; 2412692, Professor do Magist\u00e9rio Superior, como representante Suplente do Setor de Tecnologia, junto ao Conselho de Ensino, Pesquisa e Extens\u00e3o &#8211; CEPE, at\u00e9 09 de agosto de 2020.  <!-- wp:paragraph {\"align\":\"right\"} \n\n<p style=\"text-align:right\">Ricardo Marcelo Fonseca\n<\/p>\n","protected":false},"author":49,"featured_media":0,"comment_status":"closed","ping_status":"closed","sticky":false,"template":"","format":"standard","meta":{"_acf_changed":false,"iawp_total_views":0,"footnotes":""},"categories":[117],"tags":[126],"class_list":["post-39864","post","type-post","status-publish","format-standard","hentry","category-rt","tag-representante"],"acf":[],"_links":{"self":[{"href":"https:\/\/progepe.ufpr.br\/portarias\/wp-json\/wp\/v2\/posts\/39864","targetHints":{"allow":["GET"]}}],"collection":[{"href":"https:\/\/progepe.ufpr.br\/portarias\/wp-json\/wp\/v2\/posts"}],"about":[{"href":"https:\/\/progepe.ufpr.br\/portarias\/wp-json\/wp\/v2\/types\/post"}],"author":[{"embeddable":true,"href":"https:\/\/progepe.ufpr.br\/portarias\/wp-json\/wp\/v2\/users\/49"}],"replies":[{"embeddable":true,"href":"https:\/\/progepe.ufpr.br\/portarias\/wp-json\/wp\/v2\/comments?post=39864"}],"version-history":[{"count":1,"href":"https:\/\/progepe.ufpr.br\/portarias\/wp-json\/wp\/v2\/posts\/39864\/revisions"}],"predecessor-version":[{"id":193670,"href":"https:\/\/progepe.ufpr.br\/portarias\/wp-json\/wp\/v2\/posts\/39864\/revisions\/193670"}],"wp:attachment":[{"href":"https:\/\/progepe.ufpr.br\/portarias\/wp-json\/wp\/v2\/media?parent=39864"}],"wp:term":[{"taxonomy":"category","embeddable":true,"href":"https:\/\/progepe.ufpr.br\/portarias\/wp-json\/wp\/v2\/categories?post=39864"},{"taxonomy":"post_tag","embeddable":true,"href":"https:\/\/progepe.ufpr.br\/portarias\/wp-json\/wp\/v2\/tags?post=39864"}],"curies":[{"name":"wp","href":"https:\/\/api.w.org\/{rel}","templated":true}]}}