{"id":40584,"date":"2020-04-02T10:00:00","date_gmt":"2020-04-02T13:00:00","guid":{"rendered":"http:\/\/progepe.ufpr.br\/portal\/?post_type=portarias&#038;p=40584"},"modified":"2023-08-03T12:54:43","modified_gmt":"2023-08-03T15:54:43","slug":"progepe-2020-01088","status":"publish","type":"post","link":"https:\/\/progepe.ufpr.br\/portarias\/progepe-2020-01088\/","title":{"rendered":"PORTARIA N\u00ba 01088\/PROGEPE, DE 02 DE ABRIL DE 2020"},"content":{"rendered":"\n<p><strong>O Pr\u00f3-Reitor de Gest\u00e3o de Pessoas da Universidade Federal do Paran\u00e1,<\/strong>  no uso de suas atribui\u00e7\u00f5es, tendo em vista a compet\u00eancia que lhe \u00e9  conferida pela Portaria n\u00ba 2.590, de 26 de setembro de 1997; o que  consta no Art. 100 e 103 da Lei n\u00ba 8.112\/90 e ainda o contido no  processo n\u00ba 23075.017775\/2020-06, <\/p>\n\n\n\n<p>RESOLVE:<\/p>\n\n\n\n<p>Averbar, a partir de 12 de mar\u00e7o de 2020, \nem favor da servidora RONISE ARIANE TRIDAPALLI WU &#8211; 1216496, ocupante do\n cargo de Enfermeiro \u00c1rea, lotado no Servi\u00e7o Enfermagem Ambulatorial do \nHospital de Cl\u00ednicas, o tempo de servi\u00e7o abaixo listado, para fins de:<\/p>\n\n\n\n<p>Aposentadoria e disponibilidade:<\/p>\n\n\n\n<table class=\"wp-block-table\"><tbody><tr><td>\n\t\t\tEMPRESA\n\t\t\t<\/td><td>\n\t\t\tPER\u00cdODO\n\t\t\t<\/td><td>\n\t\t\tTOTAL DE DIAS\n\t\t\t<\/td><\/tr><tr><td>\n\t\t\tINSTITUTO DAS PEQUENAS MISSIONARIAS DE MARIA IMACULADA\n\t\t\t<\/td><td>\n\t\t\t02\/12\/1991 a 30\/06\/1993&nbsp;\n\t\t\t<\/td><td>\n\t\t\t577\n\t\t\t<\/td><\/tr><tr><td>\n\t\t\tHOSPITAL PINEL LTDA\n\t\t\t<\/td><td>\n\t\t\t20\/09\/1993 a 30\/11\/1993\n\t\t\t<\/td><td>\n\t\t\t72\n\t\t\t<\/td><\/tr><tr><td>\n\t\t\tASSOCIACAO HOSPITALAR DE PROT INFANCIA DR RAUL CARNEIRO\n\t\t\t<\/td><td>\n\t\t\t03\/03\/1994 a 02\/08\/1996&nbsp;\n\t\t\t<\/td><td>\n\t\t\t884<\/td><\/tr><\/tbody><\/table>\n\n\n\n<p style=\"text-align:right\"><strong>DOUGLAS ORTIZ HAMERMULLER<\/strong><\/p>\n","protected":false},"excerpt":{"rendered":"<p>Averbar, a partir de 12 de mar\u00e7o de 2020, em favor da servidora RONISE ARIANE TRIDAPALLI WU &#8211; 1216496, ocupante do cargo de Enfermeiro \u00c1rea, lotado no Servi\u00e7o Enfermagem Ambulatorial do Hospital de Cl\u00ednicas, o tempo de servi\u00e7o abaixo listado, para fins de:  Aposentadoria e disponibilidade:  <!-- wp:table \n\n<table class=\"wp-block-table\">\n\n<tbody>\n\n<tr>\n\n<td>  EMPRESA  <\/td>\n\n\n\n<td>  PER\u00cdODO  <\/td>\n\n\n\n<td>  TOTAL DE DIAS  <\/td>\n\n<\/tr>\n\n\n\n<tr>\n\n<td>  INSTITUTO DAS PEQUENAS MISSIONARIAS DE MARIA IMACULADA  <\/td>\n\n\n\n<td>  02\/12\/1991 a 30\/06\/1993&nbsp;  <\/td>\n\n\n\n<td>  577  <\/td>\n\n<\/tr>\n\n\n\n<tr>\n\n<td>  HOSPITAL PINEL LTDA  <\/td>\n\n\n\n<td>  20\/09\/1993 a 30\/11\/1993  <\/td>\n\n\n\n<td>\n<\/p>\n","protected":false},"author":48,"featured_media":0,"comment_status":"closed","ping_status":"closed","sticky":false,"template":"","format":"standard","meta":{"_acf_changed":false,"iawp_total_views":2,"footnotes":""},"categories":[116],"tags":[140],"class_list":["post-40584","post","type-post","status-publish","format-standard","hentry","category-progepe","tag-averbacao-desaverbacao"],"acf":[],"_links":{"self":[{"href":"https:\/\/progepe.ufpr.br\/portarias\/wp-json\/wp\/v2\/posts\/40584","targetHints":{"allow":["GET"]}}],"collection":[{"href":"https:\/\/progepe.ufpr.br\/portarias\/wp-json\/wp\/v2\/posts"}],"about":[{"href":"https:\/\/progepe.ufpr.br\/portarias\/wp-json\/wp\/v2\/types\/post"}],"author":[{"embeddable":true,"href":"https:\/\/progepe.ufpr.br\/portarias\/wp-json\/wp\/v2\/users\/48"}],"replies":[{"embeddable":true,"href":"https:\/\/progepe.ufpr.br\/portarias\/wp-json\/wp\/v2\/comments?post=40584"}],"version-history":[{"count":1,"href":"https:\/\/progepe.ufpr.br\/portarias\/wp-json\/wp\/v2\/posts\/40584\/revisions"}],"predecessor-version":[{"id":193738,"href":"https:\/\/progepe.ufpr.br\/portarias\/wp-json\/wp\/v2\/posts\/40584\/revisions\/193738"}],"wp:attachment":[{"href":"https:\/\/progepe.ufpr.br\/portarias\/wp-json\/wp\/v2\/media?parent=40584"}],"wp:term":[{"taxonomy":"category","embeddable":true,"href":"https:\/\/progepe.ufpr.br\/portarias\/wp-json\/wp\/v2\/categories?post=40584"},{"taxonomy":"post_tag","embeddable":true,"href":"https:\/\/progepe.ufpr.br\/portarias\/wp-json\/wp\/v2\/tags?post=40584"}],"curies":[{"name":"wp","href":"https:\/\/api.w.org\/{rel}","templated":true}]}}