{"id":40809,"date":"2020-04-08T05:02:00","date_gmt":"2020-04-08T08:02:00","guid":{"rendered":"http:\/\/progepe.ufpr.br\/portal\/?post_type=portarias&#038;p=40809"},"modified":"2023-08-03T13:19:10","modified_gmt":"2023-08-03T16:19:10","slug":"rt-2020-00821","status":"publish","type":"post","link":"https:\/\/progepe.ufpr.br\/portarias\/rt-2020-00821\/","title":{"rendered":"PORTARIA N\u00ba 00821\/REITORIA, DE 08 DE ABRIL DE 2020"},"content":{"rendered":"\n<p><strong>O Reitor da Universidade Federal do Paran\u00e1, <\/strong>no uso de\nsuas atribui\u00e7\u00f5es e tendo em vista o que consta no processo n\u00ba 23075.019519\/2019-10,<\/p>\n\n\n\n<p>RESOLVE:<\/p>\n\n\n\n<p>Designar a\nservidora TAYSA SCHIOCCHET &#8211; 2283506, Professora do Magist\u00e9rio Superior, para exercer a\nfun\u00e7\u00e3o de Representante Titular do Setor de Ci\u00eancias Jur\u00eddicas, junto ao Comit\u00ea\nAssessor de Extens\u00e3o da Pr\u00f3-Reitoria de Extens\u00e3o e Cultura &#8211; PROEC, at\u00e9 27 de\nmar\u00e7o de 2021, em substitui\u00e7\u00e3o \u00e0 servidora MARILIA PEDROSO XAVIER &#8211; 1209116, Professora do Magist\u00e9rio\nSuperior, designada conforme Portaria n\u00ba 276\/REITORIA,\nde 02 de abril de 2019.<\/p>\n\n\n\n<p style=\"text-align:right\">Ricardo Marcelo Fonseca<\/p>\n","protected":false},"excerpt":{"rendered":"<p>Designar a servidora TAYSA SCHIOCCHET &#8211; 2283506, Professora do Magist\u00e9rio Superior, para exercer a fun\u00e7\u00e3o de Representante Titular do Setor de Ci\u00eancias Jur\u00eddicas, junto ao Comit\u00ea Assessor de Extens\u00e3o da Pr\u00f3-Reitoria de Extens\u00e3o e Cultura &#8211; PROEC, at\u00e9 27 de mar\u00e7o de 2021, em substitui\u00e7\u00e3o \u00e0 servidora MARILIA PEDROSO XAVIER &#8211; 1209116, Professora do Magist\u00e9rio Superior, designada conforme Portaria n\u00ba 276\/REITORIA, de 02 de abril de 2019.  <!-- wp:paragraph {\"align\":\"right\"} \n\n<p style=\"text-align:right\">Ricardo Marcelo Fonseca\n<\/p>\n","protected":false},"author":49,"featured_media":0,"comment_status":"closed","ping_status":"closed","sticky":false,"template":"","format":"standard","meta":{"_acf_changed":false,"iawp_total_views":0,"footnotes":""},"categories":[117],"tags":[126],"class_list":["post-40809","post","type-post","status-publish","format-standard","hentry","category-rt","tag-representante"],"acf":[],"_links":{"self":[{"href":"https:\/\/progepe.ufpr.br\/portarias\/wp-json\/wp\/v2\/posts\/40809","targetHints":{"allow":["GET"]}}],"collection":[{"href":"https:\/\/progepe.ufpr.br\/portarias\/wp-json\/wp\/v2\/posts"}],"about":[{"href":"https:\/\/progepe.ufpr.br\/portarias\/wp-json\/wp\/v2\/types\/post"}],"author":[{"embeddable":true,"href":"https:\/\/progepe.ufpr.br\/portarias\/wp-json\/wp\/v2\/users\/49"}],"replies":[{"embeddable":true,"href":"https:\/\/progepe.ufpr.br\/portarias\/wp-json\/wp\/v2\/comments?post=40809"}],"version-history":[{"count":1,"href":"https:\/\/progepe.ufpr.br\/portarias\/wp-json\/wp\/v2\/posts\/40809\/revisions"}],"predecessor-version":[{"id":193763,"href":"https:\/\/progepe.ufpr.br\/portarias\/wp-json\/wp\/v2\/posts\/40809\/revisions\/193763"}],"wp:attachment":[{"href":"https:\/\/progepe.ufpr.br\/portarias\/wp-json\/wp\/v2\/media?parent=40809"}],"wp:term":[{"taxonomy":"category","embeddable":true,"href":"https:\/\/progepe.ufpr.br\/portarias\/wp-json\/wp\/v2\/categories?post=40809"},{"taxonomy":"post_tag","embeddable":true,"href":"https:\/\/progepe.ufpr.br\/portarias\/wp-json\/wp\/v2\/tags?post=40809"}],"curies":[{"name":"wp","href":"https:\/\/api.w.org\/{rel}","templated":true}]}}