{"id":40881,"date":"2020-03-05T05:06:00","date_gmt":"2020-03-05T08:06:00","guid":{"rendered":"http:\/\/progepe.ufpr.br\/portal\/?post_type=portarias&#038;p=40881"},"modified":"2023-08-03T13:18:44","modified_gmt":"2023-08-03T16:18:44","slug":"rt-2020-00627","status":"publish","type":"post","link":"https:\/\/progepe.ufpr.br\/portarias\/rt-2020-00627\/","title":{"rendered":"PORTARIA N\u00ba 00627\/REITORIA, DE 05 DE MAR\u00c7O DE 2020"},"content":{"rendered":"\n<p><strong>O Reitor da Universidade Federal do Paran\u00e1, <\/strong>no uso de suas atribui\u00e7\u00f5es considerando o que consta no artigo 9\u00ba, inciso II da Lei n\u00ba 8.112\/90 e tendo em vista o que consta no processo n\u00ba 23075.009068\/2020-38, <\/p>\n\n\n\n<p>RESOLVE:<\/p>\n\n\n\n<p>Alterar a Portaria n\u00ba 105\/REITORIA, de 12 de mar\u00e7o\nde 2018, publicada no Di\u00e1rio Oficial da Uni\u00e3o de&nbsp;14 de mar\u00e7o de 2018,\nse\u00e7\u00e3o 2, p\u00e1g. 28, referente \u00e0 nomea\u00e7\u00e3o do servidor DIOGO AMILTON\nVENANCIO&nbsp;&#8211; 1913535, no cargo de Diretor do Departamento de Licita\u00e7\u00f5es e\nContrata\u00e7\u00f5es, CD-04, da Pr\u00f3-Reitoria de Administra\u00e7\u00e3o,&nbsp;para fazer constar\nque, a partir da data de publica\u00e7\u00e3o em DOU desta Portaria, o referido cargo de\ndire\u00e7\u00e3o passa a denominar-se Coordenador, CD-04, da Coordenadoria de Licita\u00e7\u00f5es\ne Contrata\u00e7\u00f5es da Pr\u00f3-Reitoria de Administra\u00e7\u00e3o.<\/p>\n\n\n\n<p style=\"text-align:right\"><strong>RICARDO MARCELO FONSECA<\/strong><\/p>\n\n\n\n<p> <\/p>\n","protected":false},"excerpt":{"rendered":"<p>Alterar a Portaria n\u00ba 105\/REITORIA, de 12 de mar\u00e7o de 2018, publicada no Di\u00e1rio Oficial da Uni\u00e3o de&nbsp;14 de mar\u00e7o de 2018, se\u00e7\u00e3o 2, p\u00e1g. 28, referente \u00e0 nomea\u00e7\u00e3o do servidor DIOGO AMILTON VENANCIO&nbsp;&#8211; 1913535, no cargo de Diretor do Departamento de Licita\u00e7\u00f5es e Contrata\u00e7\u00f5es, CD-04, da Pr\u00f3-Reitoria de Administra\u00e7\u00e3o,&nbsp;para fazer constar que, a partir da data de publica\u00e7\u00e3o em DOU desta Portaria, o referido cargo de dire\u00e7\u00e3o passa a denominar-se Coordenador, CD-04, da Coordenadoria de Licita\u00e7\u00f5es e Contrata\u00e7\u00f5es da Pr\u00f3-Reitoria de Administra\u00e7\u00e3o.  <!-- wp:paragraph {\"align\":\"right\"} \n\n<p style=\"text-align:right\"><strong>RICARDO MARCELO FONSECA<\/strong>\n<\/p>\n","protected":false},"author":50,"featured_media":0,"comment_status":"closed","ping_status":"closed","sticky":false,"template":"","format":"standard","meta":{"_acf_changed":false,"iawp_total_views":1,"footnotes":""},"categories":[117],"tags":[120],"class_list":["post-40881","post","type-post","status-publish","format-standard","hentry","category-rt","tag-funcao"],"acf":[],"_links":{"self":[{"href":"https:\/\/progepe.ufpr.br\/portarias\/wp-json\/wp\/v2\/posts\/40881","targetHints":{"allow":["GET"]}}],"collection":[{"href":"https:\/\/progepe.ufpr.br\/portarias\/wp-json\/wp\/v2\/posts"}],"about":[{"href":"https:\/\/progepe.ufpr.br\/portarias\/wp-json\/wp\/v2\/types\/post"}],"author":[{"embeddable":true,"href":"https:\/\/progepe.ufpr.br\/portarias\/wp-json\/wp\/v2\/users\/50"}],"replies":[{"embeddable":true,"href":"https:\/\/progepe.ufpr.br\/portarias\/wp-json\/wp\/v2\/comments?post=40881"}],"version-history":[{"count":1,"href":"https:\/\/progepe.ufpr.br\/portarias\/wp-json\/wp\/v2\/posts\/40881\/revisions"}],"predecessor-version":[{"id":193775,"href":"https:\/\/progepe.ufpr.br\/portarias\/wp-json\/wp\/v2\/posts\/40881\/revisions\/193775"}],"wp:attachment":[{"href":"https:\/\/progepe.ufpr.br\/portarias\/wp-json\/wp\/v2\/media?parent=40881"}],"wp:term":[{"taxonomy":"category","embeddable":true,"href":"https:\/\/progepe.ufpr.br\/portarias\/wp-json\/wp\/v2\/categories?post=40881"},{"taxonomy":"post_tag","embeddable":true,"href":"https:\/\/progepe.ufpr.br\/portarias\/wp-json\/wp\/v2\/tags?post=40881"}],"curies":[{"name":"wp","href":"https:\/\/api.w.org\/{rel}","templated":true}]}}