{"id":40885,"date":"2020-04-08T10:03:00","date_gmt":"2020-04-08T13:03:00","guid":{"rendered":"http:\/\/progepe.ufpr.br\/portal\/?post_type=portarias&#038;p=40885"},"modified":"2023-08-03T12:54:59","modified_gmt":"2023-08-03T15:54:59","slug":"progepe-2020-01208","status":"publish","type":"post","link":"https:\/\/progepe.ufpr.br\/portarias\/progepe-2020-01208\/","title":{"rendered":"PORTARIA N\u00ba 01208\/PROGEPE, DE 08 DE ABRIL DE 2020"},"content":{"rendered":"\n<p><strong>O Pr\u00f3-Reitor de Gest\u00e3o de Pessoas da Universidade Federal do Paran\u00e1,<\/strong> no uso de\nsuas atribui\u00e7\u00f5es, tendo em vista a compet\u00eancia que lhe \u00e9 conferida pela\nPortaria n\u00ba 2.590, de 26 de setembro de 1997 e considerando o que consta no\nprocesso n\u00ba 23075.007669\/2019-72,<\/p>\n\n\n\n<p>RESOLVE:<\/p>\n\n\n\n<p>I. Autorizar, a partir de 03 de abril de 2020, a\nmovimenta\u00e7\u00e3o do servidor EVERTON JOSE CARDOSO COSTA &#8211; 2151192, ocupante do\ncargo de T\u00e9cnico de Laborat\u00f3rio &#8211; \u00c1rea, para a Se\u00e7\u00e3o de Bacteriologia do\nHospital de Cl\u00ednicas.<\/p>\n\n\n\n<p>II.\nExcluir, a partir da mesma data, o adicional de insalubridade concedido ao\ncitado servidor.<\/p>\n\n\n\n<p style=\"text-align:right\">Douglas\nOrtiz Hamermuller<\/p>\n","protected":false},"excerpt":{"rendered":"<p>I. Autorizar, a partir de 03 de abril de 2020, a movimenta\u00e7\u00e3o do servidor EVERTON JOSE CARDOSO COSTA &#8211; 2151192, ocupante do cargo de T\u00e9cnico de Laborat\u00f3rio &#8211; \u00c1rea, para a Se\u00e7\u00e3o de Bacteriologia do Hospital de Cl\u00ednicas.  II. Excluir, a partir da mesma data, o adicional de insalubridade concedido ao citado servidor.  <!-- wp:paragraph {\"align\":\"right\"} \n\n<p style=\"text-align:right\">Douglas Ortiz Hamermuller\n<\/p>\n","protected":false},"author":49,"featured_media":0,"comment_status":"closed","ping_status":"closed","sticky":false,"template":"","format":"standard","meta":{"_acf_changed":false,"iawp_total_views":5,"footnotes":""},"categories":[116],"tags":[135],"class_list":["post-40885","post","type-post","status-publish","format-standard","hentry","category-progepe","tag-remocao"],"acf":[],"_links":{"self":[{"href":"https:\/\/progepe.ufpr.br\/portarias\/wp-json\/wp\/v2\/posts\/40885","targetHints":{"allow":["GET"]}}],"collection":[{"href":"https:\/\/progepe.ufpr.br\/portarias\/wp-json\/wp\/v2\/posts"}],"about":[{"href":"https:\/\/progepe.ufpr.br\/portarias\/wp-json\/wp\/v2\/types\/post"}],"author":[{"embeddable":true,"href":"https:\/\/progepe.ufpr.br\/portarias\/wp-json\/wp\/v2\/users\/49"}],"replies":[{"embeddable":true,"href":"https:\/\/progepe.ufpr.br\/portarias\/wp-json\/wp\/v2\/comments?post=40885"}],"version-history":[{"count":1,"href":"https:\/\/progepe.ufpr.br\/portarias\/wp-json\/wp\/v2\/posts\/40885\/revisions"}],"predecessor-version":[{"id":193776,"href":"https:\/\/progepe.ufpr.br\/portarias\/wp-json\/wp\/v2\/posts\/40885\/revisions\/193776"}],"wp:attachment":[{"href":"https:\/\/progepe.ufpr.br\/portarias\/wp-json\/wp\/v2\/media?parent=40885"}],"wp:term":[{"taxonomy":"category","embeddable":true,"href":"https:\/\/progepe.ufpr.br\/portarias\/wp-json\/wp\/v2\/categories?post=40885"},{"taxonomy":"post_tag","embeddable":true,"href":"https:\/\/progepe.ufpr.br\/portarias\/wp-json\/wp\/v2\/tags?post=40885"}],"curies":[{"name":"wp","href":"https:\/\/api.w.org\/{rel}","templated":true}]}}