{"id":41178,"date":"2020-04-13T10:00:00","date_gmt":"2020-04-13T13:00:00","guid":{"rendered":"http:\/\/progepe.ufpr.br\/portal\/?post_type=portarias&#038;p=41178"},"modified":"2024-05-23T11:48:56","modified_gmt":"2024-05-23T14:48:56","slug":"progepe-2020-01233","status":"publish","type":"post","link":"https:\/\/progepe.ufpr.br\/portarias\/progepe-2020-01233\/","title":{"rendered":"PORTARIA N\u00ba 01233\/PROGEPE, DE 13 DE ABRIL DE 2020"},"content":{"rendered":"\n<p style=\"padding-left:43%\">O Pr\u00f3-Reitor de Gest\u00e3o de Pessoas da Universidade Federal do Paran\u00e1, no uso de suas atribui\u00e7\u00f5es, tendo em vista a compet\u00eancia que lhe \u00e9 conferida pela Portaria n\u00ba 2.590, de 26 de setembro de 1997 e ainda o contido no processo n\u00ba 23075.000449\/2020-51,<\/p>\n\n\n\n<p style=\"padding-left:43%\"><strong>RESOLVE:<\/strong><\/p>\n\n\n\n<p>Retificar a <a href=\"https:\/\/progepe.ufpr.br\/portarias\/progepe-2020-01203\/\" data-type=\"post\" data-id=\"40323\">Portaria n\u00ba 1.203\/PROGEPE, de 07 de abril de 2020<\/a>, que concedeu retribui\u00e7\u00e3o por titula\u00e7\u00e3o, de acordo com o Artigo 18 da Lei n\u00ba 12.772\/12, a partir de 27 de outubro de 2016, \u00e0 servidora ANDREA KNABEM &#8211; 2284993:<\/p>\n\n\n\n<p style=\"padding-left:var(--wp--preset--spacing--30)\">Onde se l\u00ea: &#8230; lotada na Se\u00e7\u00e3o de Dep\u00f3sito do Setor Litoral &#8230; .<br>Leia-se: &#8230; lotada no Setor Litoral &#8230; .<\/p>\n","protected":false},"excerpt":{"rendered":"<p>Retificar a <a href=\"https:\/\/progepe.ufpr.br\/portarias\/progepe-2020-01203\/\" data-type=\"post\" data-id=\"40323\">Portaria n\u00ba 1.203\/PROGEPE, de 07 de abril de 2020<\/a>, que concedeu retribui\u00e7\u00e3o por titula\u00e7\u00e3o, de acordo com o Artigo 18 da Lei n\u00ba 12.772\/12, a partir de 27 de outubro de 2016, \u00e0 servidora ANDREA KNABEM &#8211; 2284993:  <!-- wp:paragraph {\"style\":{\"spacing\":{\"padding\":{\"left\":\"var:preset|spacing|30\"}}}} \n\n<p style=\"padding-left:var(--wp--preset--spacing--30)\">Onde se l\u00ea: ... lotada na Se\u00e7\u00e3o de Dep\u00f3sito do Setor Litoral ... .<br \/>Leia-se: ... lotada no Setor Litoral ... .\n<\/p>\n","protected":false},"author":48,"featured_media":0,"comment_status":"closed","ping_status":"closed","sticky":false,"template":"","format":"standard","meta":{"_acf_changed":false,"iawp_total_views":0,"footnotes":""},"categories":[116],"tags":[147],"class_list":["post-41178","post","type-post","status-publish","format-standard","hentry","category-progepe","tag-retribuicao-titulacao"],"acf":[],"_links":{"self":[{"href":"https:\/\/progepe.ufpr.br\/portarias\/wp-json\/wp\/v2\/posts\/41178","targetHints":{"allow":["GET"]}}],"collection":[{"href":"https:\/\/progepe.ufpr.br\/portarias\/wp-json\/wp\/v2\/posts"}],"about":[{"href":"https:\/\/progepe.ufpr.br\/portarias\/wp-json\/wp\/v2\/types\/post"}],"author":[{"embeddable":true,"href":"https:\/\/progepe.ufpr.br\/portarias\/wp-json\/wp\/v2\/users\/48"}],"replies":[{"embeddable":true,"href":"https:\/\/progepe.ufpr.br\/portarias\/wp-json\/wp\/v2\/comments?post=41178"}],"version-history":[{"count":3,"href":"https:\/\/progepe.ufpr.br\/portarias\/wp-json\/wp\/v2\/posts\/41178\/revisions"}],"predecessor-version":[{"id":255889,"href":"https:\/\/progepe.ufpr.br\/portarias\/wp-json\/wp\/v2\/posts\/41178\/revisions\/255889"}],"wp:attachment":[{"href":"https:\/\/progepe.ufpr.br\/portarias\/wp-json\/wp\/v2\/media?parent=41178"}],"wp:term":[{"taxonomy":"category","embeddable":true,"href":"https:\/\/progepe.ufpr.br\/portarias\/wp-json\/wp\/v2\/categories?post=41178"},{"taxonomy":"post_tag","embeddable":true,"href":"https:\/\/progepe.ufpr.br\/portarias\/wp-json\/wp\/v2\/tags?post=41178"}],"curies":[{"name":"wp","href":"https:\/\/api.w.org\/{rel}","templated":true}]}}