{"id":41287,"date":"2020-04-14T10:01:00","date_gmt":"2020-04-14T13:01:00","guid":{"rendered":"http:\/\/progepe.ufpr.br\/portal\/?post_type=portarias&#038;p=41287"},"modified":"2023-08-03T12:55:03","modified_gmt":"2023-08-03T15:55:03","slug":"progepe-2020-01240","status":"publish","type":"post","link":"https:\/\/progepe.ufpr.br\/portarias\/progepe-2020-01240\/","title":{"rendered":"PORTARIA N\u00ba 01240\/PROGEPE, DE 14 DE ABRIL DE 2020"},"content":{"rendered":"\n<p><strong>O Pr\u00f3-Reitor de Gest\u00e3o de Pessoas da Universidade Federal do Paran\u00e1, <\/strong>no  uso de suas atribui\u00e7\u00f5es, tendo em vista a compet\u00eancia que lhe \u00e9  conferida pela Portaria n\u00ba 2.590, de 26 de setembro de 1997, de acordo  com os Artigos 11 e 12 da Lei n\u00ba 11.091\/05; os Anexos II e III do  Decreto n\u00ba 5.824\/06, Portaria n\u00ba 18.908\/2016 PROGEPE\/UFPR; Of\u00edcio  Circular SEI n\u00ba 2\/2019\/CGCARASSES\/CGCAR\/DESEN\/SGP\/SEDGG-ME; e, o que  consta no processo n\u00ba 23075.006813\/2020-97; <\/p>\n\n\n\n<p>RESOLVE:<\/p>\n\n\n\n<p> Conceder o Incentivo \u00e0 Qualifica\u00e7\u00e3o no percentual 30% (trinta) por  cento, a partir de 11 de fevereiro de 2020, ao servidor JOAO ALEXANDRE  SILVA LEITE &#8211; 3136075, ocupante do cargo de T\u00e9cnico de Tecnologia da  Informa\u00e7\u00e3o, lotado no Centro de Computa\u00e7\u00e3o Eletr\u00f4nica da Pr\u00f3-Reitoria de  Administra\u00e7\u00e3o, tendo em vista ter apresentado Certificado do Curso de  P\u00f3s-Gradua\u00e7\u00e3o Lato Sensu em n\u00edvel de Especializa\u00e7\u00e3o em\u00a0Seguran\u00e7a de  Redes de Computadores, emitido pela Faculdade UniBF. <\/p>\n\n\n\n<p style=\"text-align:right\"><strong>DOUGLAS ORTIZ HAMERMULLER<\/strong><\/p>\n","protected":false},"excerpt":{"rendered":"<p>Conceder o Incentivo \u00e0 Qualifica\u00e7\u00e3o no percentual 30% (trinta) por cento, a partir de 11 de fevereiro de 2020, ao servidor JOAO ALEXANDRE SILVA LEITE &#8211; 3136075, ocupante do cargo de T\u00e9cnico de Tecnologia da Informa\u00e7\u00e3o, lotado no Centro de Computa\u00e7\u00e3o Eletr\u00f4nica da Pr\u00f3-Reitoria de Administra\u00e7\u00e3o, tendo em vista ter apresentado Certificado do Curso de P\u00f3s-Gradua\u00e7\u00e3o Lato Sensu em n\u00edvel de Especializa\u00e7\u00e3o em\u00a0Seguran\u00e7a de Redes de Computadores, emitido pela Faculdade UniBF.  <!-- wp:paragraph {\"align\":\"right\"} \n\n<p style=\"text-align:right\"><strong>DOUGLAS ORTIZ HAMERMULLER<\/strong>\n<\/p>\n","protected":false},"author":48,"featured_media":0,"comment_status":"closed","ping_status":"closed","sticky":false,"template":"","format":"standard","meta":{"_acf_changed":false,"iawp_total_views":1,"footnotes":""},"categories":[116],"tags":[142],"class_list":["post-41287","post","type-post","status-publish","format-standard","hentry","category-progepe","tag-incentivo-qualificacao"],"acf":[],"_links":{"self":[{"href":"https:\/\/progepe.ufpr.br\/portarias\/wp-json\/wp\/v2\/posts\/41287","targetHints":{"allow":["GET"]}}],"collection":[{"href":"https:\/\/progepe.ufpr.br\/portarias\/wp-json\/wp\/v2\/posts"}],"about":[{"href":"https:\/\/progepe.ufpr.br\/portarias\/wp-json\/wp\/v2\/types\/post"}],"author":[{"embeddable":true,"href":"https:\/\/progepe.ufpr.br\/portarias\/wp-json\/wp\/v2\/users\/48"}],"replies":[{"embeddable":true,"href":"https:\/\/progepe.ufpr.br\/portarias\/wp-json\/wp\/v2\/comments?post=41287"}],"version-history":[{"count":1,"href":"https:\/\/progepe.ufpr.br\/portarias\/wp-json\/wp\/v2\/posts\/41287\/revisions"}],"predecessor-version":[{"id":193848,"href":"https:\/\/progepe.ufpr.br\/portarias\/wp-json\/wp\/v2\/posts\/41287\/revisions\/193848"}],"wp:attachment":[{"href":"https:\/\/progepe.ufpr.br\/portarias\/wp-json\/wp\/v2\/media?parent=41287"}],"wp:term":[{"taxonomy":"category","embeddable":true,"href":"https:\/\/progepe.ufpr.br\/portarias\/wp-json\/wp\/v2\/categories?post=41287"},{"taxonomy":"post_tag","embeddable":true,"href":"https:\/\/progepe.ufpr.br\/portarias\/wp-json\/wp\/v2\/tags?post=41287"}],"curies":[{"name":"wp","href":"https:\/\/api.w.org\/{rel}","templated":true}]}}