{"id":41701,"date":"2020-03-11T05:18:00","date_gmt":"2020-03-11T08:18:00","guid":{"rendered":"http:\/\/progepe.ufpr.br\/portal\/?post_type=portarias&#038;p=41701"},"modified":"2023-08-03T13:18:52","modified_gmt":"2023-08-03T16:18:52","slug":"rt-2020-00687","status":"publish","type":"post","link":"https:\/\/progepe.ufpr.br\/portarias\/rt-2020-00687\/","title":{"rendered":"PORTARIA N\u00ba 00687\/REITORIA, DE 11 DE MAR\u00c7O DE 2020"},"content":{"rendered":"\n<p><strong>O Reitor da Universidade Federal do Paran\u00e1, <\/strong>no uso de suas atribui\u00e7\u00f5es considerando o que consta no artigo 9\u00ba, inciso II da Lei n\u00ba 8.112\/90 e tendo em vista o que consta no processo n\u00ba 23075.017028\/2020-60, <\/p>\n\n\n\n<p>RESOLVE: <\/p>\n\n\n\n<p>Alterar a Portaria n\u00ba 3473\/PROGEPE, de 03 de agosto\nde 2017, publicada no Di\u00e1rio Oficial da Uni\u00e3o de&nbsp;07 de agosto de 2017,\nse\u00e7\u00e3o 2, p\u00e1g. 27, referente \u00e0 nomea\u00e7\u00e3o do servidor DOUGLAS PATRICK RIBEIRO\nUTIYAMA &#8211; 2245684, na fun\u00e7\u00e3o de Chefe da Unidade de Conv\u00eanios e Sa\u00fade\nSuplementar, FG-01, da Pr\u00f3-Reitoria de Gest\u00e3o de Pessoas,&nbsp;para fazer\nconstar que, a partir da data de publica\u00e7\u00e3o em DOU desta Portaria, a referida\nfun\u00e7\u00e3o&nbsp; gratificada passa a denominar-se Chefe da Unidade de Conv\u00eanios e\nSa\u00fade Complementar, FG-01, da Coordenadoria de Aten\u00e7\u00e3o Integral \u00e0 Sa\u00fade do\nServidor da Pr\u00f3-Reitoria de Gest\u00e3o de Pessoas.<\/p>\n\n\n\n<p><strong>RICARDO MARCELO FONSECA<\/strong><\/p>\n\n\n\n<p><br><\/p>\n","protected":false},"excerpt":{"rendered":"<p>O Reitor da Universidade Federal do Paran\u00e1, no uso de suas atribui\u00e7\u00f5es considerando o que consta no artigo 9\u00ba, inciso II da Lei n\u00ba 8.112\/90 e tendo em vista o que consta no processo n\u00ba 23075.017028\/2020-60, RESOLVE: Alterar a Portaria n\u00ba 3473\/PROGEPE, de 03 de agosto de 2017, publicada no Di\u00e1rio Oficial da Uni\u00e3o de&nbsp;07 [&hellip;]<\/p>\n","protected":false},"author":50,"featured_media":0,"comment_status":"closed","ping_status":"closed","sticky":false,"template":"","format":"standard","meta":{"_acf_changed":false,"iawp_total_views":0,"footnotes":""},"categories":[117],"tags":[120],"class_list":["post-41701","post","type-post","status-publish","format-standard","hentry","category-rt","tag-funcao"],"acf":[],"_links":{"self":[{"href":"https:\/\/progepe.ufpr.br\/portarias\/wp-json\/wp\/v2\/posts\/41701","targetHints":{"allow":["GET"]}}],"collection":[{"href":"https:\/\/progepe.ufpr.br\/portarias\/wp-json\/wp\/v2\/posts"}],"about":[{"href":"https:\/\/progepe.ufpr.br\/portarias\/wp-json\/wp\/v2\/types\/post"}],"author":[{"embeddable":true,"href":"https:\/\/progepe.ufpr.br\/portarias\/wp-json\/wp\/v2\/users\/50"}],"replies":[{"embeddable":true,"href":"https:\/\/progepe.ufpr.br\/portarias\/wp-json\/wp\/v2\/comments?post=41701"}],"version-history":[{"count":1,"href":"https:\/\/progepe.ufpr.br\/portarias\/wp-json\/wp\/v2\/posts\/41701\/revisions"}],"predecessor-version":[{"id":193933,"href":"https:\/\/progepe.ufpr.br\/portarias\/wp-json\/wp\/v2\/posts\/41701\/revisions\/193933"}],"wp:attachment":[{"href":"https:\/\/progepe.ufpr.br\/portarias\/wp-json\/wp\/v2\/media?parent=41701"}],"wp:term":[{"taxonomy":"category","embeddable":true,"href":"https:\/\/progepe.ufpr.br\/portarias\/wp-json\/wp\/v2\/categories?post=41701"},{"taxonomy":"post_tag","embeddable":true,"href":"https:\/\/progepe.ufpr.br\/portarias\/wp-json\/wp\/v2\/tags?post=41701"}],"curies":[{"name":"wp","href":"https:\/\/api.w.org\/{rel}","templated":true}]}}