{"id":41707,"date":"2020-03-11T05:19:00","date_gmt":"2020-03-11T08:19:00","guid":{"rendered":"http:\/\/progepe.ufpr.br\/portal\/?post_type=portarias&#038;p=41707"},"modified":"2023-08-03T13:18:53","modified_gmt":"2023-08-03T16:18:53","slug":"rt-2020-00688","status":"publish","type":"post","link":"https:\/\/progepe.ufpr.br\/portarias\/rt-2020-00688\/","title":{"rendered":"PORTARIA N\u00ba 00688\/REITORIA, DE 11 DE MAR\u00c7O DE 2020"},"content":{"rendered":"\n<p><strong>O Reitor da Universidade Federal do Paran\u00e1, <\/strong>no uso de suas atribui\u00e7\u00f5es considerando o que consta no artigo 9\u00ba, inciso II da Lei n\u00ba 8.112\/90 e tendo em vista o que consta no processo n\u00ba 23075.017028\/2020-60, <\/p>\n\n\n\n<p>RESOLVE: <\/p>\n\n\n\n<p>I. Alterar a Portaria n\u00ba 4102\/PROGEPE, de 06 de\nsetembro de 2018, publicada no Di\u00e1rio Oficial da Uni\u00e3o de&nbsp;10 de setembro\nde 2018, se\u00e7\u00e3o 2, p\u00e1g. 27, referente \u00e0 nomea\u00e7\u00e3o da servidora ANA MARIA DE\nBARROS CAZ\u00c9 &#8211; 1362021, na fun\u00e7\u00e3o de Chefe do Centro de Aten\u00e7\u00e3o \u00e0 Sa\u00fade &#8211; 3,\nFG-01, da Pr\u00f3-Reitoria de Gest\u00e3o de Pessoas,&nbsp;para fazer constar que, a\npartir da data de publica\u00e7\u00e3o em DOU desta Portaria, a referida fun\u00e7\u00e3o&nbsp;\ngratificada passa a denominar-se Chefe da Unidade do Centro de Aten\u00e7\u00e3o \u00e0 Sa\u00fade\n&#8211; 3, FG-01, da Coordenadoria de Aten\u00e7\u00e3o Integral \u00e0 Sa\u00fade do Servidor da\nPr\u00f3-Reitoria de Gest\u00e3o de Pessoas.<\/p>\n\n\n\n<p>II. Excluir, a partir da mesma data, o adicional de\ninsalubridade concedido \u00e0 citada servidora.<\/p>\n\n\n\n<p style=\"text-align:right\"><strong>RICARDO MARCELO FONSECA<\/strong><\/p>\n","protected":false},"excerpt":{"rendered":"<p>O Reitor da Universidade Federal do Paran\u00e1, no uso de suas atribui\u00e7\u00f5es considerando o que consta no artigo 9\u00ba, inciso II da Lei n\u00ba 8.112\/90 e tendo em vista o que consta no processo n\u00ba 23075.017028\/2020-60, RESOLVE: I. Alterar a Portaria n\u00ba 4102\/PROGEPE, de 06 de setembro de 2018, publicada no Di\u00e1rio Oficial da Uni\u00e3o [&hellip;]<\/p>\n","protected":false},"author":50,"featured_media":0,"comment_status":"closed","ping_status":"closed","sticky":false,"template":"","format":"standard","meta":{"_acf_changed":false,"iawp_total_views":0,"footnotes":""},"categories":[117],"tags":[120],"class_list":["post-41707","post","type-post","status-publish","format-standard","hentry","category-rt","tag-funcao"],"acf":[],"_links":{"self":[{"href":"https:\/\/progepe.ufpr.br\/portarias\/wp-json\/wp\/v2\/posts\/41707","targetHints":{"allow":["GET"]}}],"collection":[{"href":"https:\/\/progepe.ufpr.br\/portarias\/wp-json\/wp\/v2\/posts"}],"about":[{"href":"https:\/\/progepe.ufpr.br\/portarias\/wp-json\/wp\/v2\/types\/post"}],"author":[{"embeddable":true,"href":"https:\/\/progepe.ufpr.br\/portarias\/wp-json\/wp\/v2\/users\/50"}],"replies":[{"embeddable":true,"href":"https:\/\/progepe.ufpr.br\/portarias\/wp-json\/wp\/v2\/comments?post=41707"}],"version-history":[{"count":1,"href":"https:\/\/progepe.ufpr.br\/portarias\/wp-json\/wp\/v2\/posts\/41707\/revisions"}],"predecessor-version":[{"id":193934,"href":"https:\/\/progepe.ufpr.br\/portarias\/wp-json\/wp\/v2\/posts\/41707\/revisions\/193934"}],"wp:attachment":[{"href":"https:\/\/progepe.ufpr.br\/portarias\/wp-json\/wp\/v2\/media?parent=41707"}],"wp:term":[{"taxonomy":"category","embeddable":true,"href":"https:\/\/progepe.ufpr.br\/portarias\/wp-json\/wp\/v2\/categories?post=41707"},{"taxonomy":"post_tag","embeddable":true,"href":"https:\/\/progepe.ufpr.br\/portarias\/wp-json\/wp\/v2\/tags?post=41707"}],"curies":[{"name":"wp","href":"https:\/\/api.w.org\/{rel}","templated":true}]}}