{"id":41827,"date":"2020-04-20T10:07:00","date_gmt":"2020-04-20T13:07:00","guid":{"rendered":"http:\/\/progepe.ufpr.br\/portal\/?post_type=portarias&#038;p=41827"},"modified":"2023-08-03T12:55:10","modified_gmt":"2023-08-03T15:55:10","slug":"progepe-2020-01295","status":"publish","type":"post","link":"https:\/\/progepe.ufpr.br\/portarias\/progepe-2020-01295\/","title":{"rendered":"PORTARIA N\u00ba 01295\/PROGEPE, DE 20 DE ABRIL DE 2020"},"content":{"rendered":"\n<p><strong>O Pr\u00f3-Reitor de Gest\u00e3o de Pessoas da Universidade Federal do Paran\u00e1,<\/strong> no uso de\nsuas atribui\u00e7\u00f5es, tendo em vista a compet\u00eancia que lhe \u00e9 conferida pela\nPortaria n\u00ba 2.590, de 26 de setembro de 1997 e considerando o que consta no\nprocesso n\u00ba 23075.045812\/2019-24,<\/p>\n\n\n\n<p>RESOLVE:<\/p>\n\n\n\n<p>Autorizar, a partir de 02 de dezembro de 2019, a\nmovimenta\u00e7\u00e3o da servidora JUDIT GOMES DA SILVA &#8211; 1257053, ocupante do\ncargo de T\u00e9cnica de Laborat\u00f3rio &#8211; \u00c1rea, para a Coordenadoria de Pol\u00edticas\nAfirmativas da Superintend\u00eancia de Inclus\u00e3o, Pol\u00edticas Afirmativas e\nDiversidade.<\/p>\n\n\n\n<p style=\"text-align:right\">Douglas\nOrtiz Hamermuller<\/p>\n","protected":false},"excerpt":{"rendered":"<p>Autorizar, a partir de 02 de dezembro de 2019, a movimenta\u00e7\u00e3o da servidora JUDIT GOMES DA SILVA &#8211; 1257053, ocupante do cargo de T\u00e9cnica de Laborat\u00f3rio &#8211; \u00c1rea, para a Coordenadoria de Pol\u00edticas Afirmativas da Superintend\u00eancia de Inclus\u00e3o, Pol\u00edticas Afirmativas e Diversidade.  <!-- wp:paragraph {\"align\":\"right\"} \n\n<p style=\"text-align:right\">Douglas Ortiz Hamermuller\n<\/p>\n","protected":false},"author":49,"featured_media":0,"comment_status":"closed","ping_status":"closed","sticky":false,"template":"","format":"standard","meta":{"_acf_changed":false,"iawp_total_views":0,"footnotes":""},"categories":[116],"tags":[135],"class_list":["post-41827","post","type-post","status-publish","format-standard","hentry","category-progepe","tag-remocao"],"acf":[],"_links":{"self":[{"href":"https:\/\/progepe.ufpr.br\/portarias\/wp-json\/wp\/v2\/posts\/41827","targetHints":{"allow":["GET"]}}],"collection":[{"href":"https:\/\/progepe.ufpr.br\/portarias\/wp-json\/wp\/v2\/posts"}],"about":[{"href":"https:\/\/progepe.ufpr.br\/portarias\/wp-json\/wp\/v2\/types\/post"}],"author":[{"embeddable":true,"href":"https:\/\/progepe.ufpr.br\/portarias\/wp-json\/wp\/v2\/users\/49"}],"replies":[{"embeddable":true,"href":"https:\/\/progepe.ufpr.br\/portarias\/wp-json\/wp\/v2\/comments?post=41827"}],"version-history":[{"count":1,"href":"https:\/\/progepe.ufpr.br\/portarias\/wp-json\/wp\/v2\/posts\/41827\/revisions"}],"predecessor-version":[{"id":193950,"href":"https:\/\/progepe.ufpr.br\/portarias\/wp-json\/wp\/v2\/posts\/41827\/revisions\/193950"}],"wp:attachment":[{"href":"https:\/\/progepe.ufpr.br\/portarias\/wp-json\/wp\/v2\/media?parent=41827"}],"wp:term":[{"taxonomy":"category","embeddable":true,"href":"https:\/\/progepe.ufpr.br\/portarias\/wp-json\/wp\/v2\/categories?post=41827"},{"taxonomy":"post_tag","embeddable":true,"href":"https:\/\/progepe.ufpr.br\/portarias\/wp-json\/wp\/v2\/tags?post=41827"}],"curies":[{"name":"wp","href":"https:\/\/api.w.org\/{rel}","templated":true}]}}