{"id":42006,"date":"2020-04-16T05:00:00","date_gmt":"2020-04-16T08:00:00","guid":{"rendered":"http:\/\/progepe.ufpr.br\/portal\/?post_type=portarias&#038;p=42006"},"modified":"2023-08-03T13:19:16","modified_gmt":"2023-08-03T16:19:16","slug":"rt-2020-00861","status":"publish","type":"post","link":"https:\/\/progepe.ufpr.br\/portarias\/rt-2020-00861\/","title":{"rendered":"PORTARIA N\u00ba 00861\/REITORIA, DE 16 DE ABRIL DE 2020"},"content":{"rendered":"\n<p><strong>O Reitor da Universidade Federal do Paran\u00e1, <\/strong>no uso de\nsuas atribui\u00e7\u00f5es, tendo em vista o que consta no Art. 39 do Estatuto desta\nUniversidade e o contido no processo n\u00ba 23075.008116\/2020-71,<\/p>\n\n\n\n<p>RESOLVE:<\/p>\n\n\n\n<p>I. Nomear o\nservidor JOSE\nGUILHERME SILVA VIEIRA &#8211; 2513654, Professor do Magist\u00e9rio Superior, lotado no\nDepartamento de Economia do Setor de Ci\u00eancias Sociais Aplicadas, no regime de\ntrabalho de 40 (quarenta) horas semanais, para exercer a Fun\u00e7\u00e3o Gratificada,\nFG-01, de Chefe do Departamento de Economia do citado Setor, pelo per\u00edodo de 02\n(dois) anos, a partir da data de publica\u00e7\u00e3o em DOU, de acordo com a Lei n\u00ba\n9.527\/97.<\/p>\n\n\n\n<p>II. O\nmencionado servidor cumprir\u00e1, obrigatoriamente, o regime de trabalho de tempo\nintegral, de acordo com o disposto no \u00a7 5\u00ba, artigo 1\u00ba da Lei n\u00ba 8.168\/91.<\/p>\n\n\n\n<p style=\"text-align:right\">Ricardo Marcelo\nFonseca<\/p>\n","protected":false},"excerpt":{"rendered":"<p>I. Nomear o servidor JOSE GUILHERME SILVA VIEIRA &#8211; 2513654, Professor do Magist\u00e9rio Superior, lotado no Departamento de Economia do Setor de Ci\u00eancias Sociais Aplicadas, no regime de trabalho de 40 (quarenta) horas semanais, para exercer a Fun\u00e7\u00e3o Gratificada, FG-01, de Chefe do Departamento de Economia do citado Setor, pelo per\u00edodo de 02 (dois) anos, a partir da data de publica\u00e7\u00e3o em DOU, de acordo com a Lei n\u00ba 9.527\/97.  II. O mencionado servidor cumprir\u00e1, obrigatoriamente, o regime de trabalho de tempo integral, de acordo com o disposto no \u00a7 5\u00ba, artigo 1\u00ba da Lei n\u00ba 8.168\/91.<\/p>\n","protected":false},"author":49,"featured_media":0,"comment_status":"closed","ping_status":"closed","sticky":false,"template":"","format":"standard","meta":{"_acf_changed":false,"iawp_total_views":0,"footnotes":""},"categories":[117],"tags":[120],"class_list":["post-42006","post","type-post","status-publish","format-standard","hentry","category-rt","tag-funcao"],"acf":[],"_links":{"self":[{"href":"https:\/\/progepe.ufpr.br\/portarias\/wp-json\/wp\/v2\/posts\/42006","targetHints":{"allow":["GET"]}}],"collection":[{"href":"https:\/\/progepe.ufpr.br\/portarias\/wp-json\/wp\/v2\/posts"}],"about":[{"href":"https:\/\/progepe.ufpr.br\/portarias\/wp-json\/wp\/v2\/types\/post"}],"author":[{"embeddable":true,"href":"https:\/\/progepe.ufpr.br\/portarias\/wp-json\/wp\/v2\/users\/49"}],"replies":[{"embeddable":true,"href":"https:\/\/progepe.ufpr.br\/portarias\/wp-json\/wp\/v2\/comments?post=42006"}],"version-history":[{"count":1,"href":"https:\/\/progepe.ufpr.br\/portarias\/wp-json\/wp\/v2\/posts\/42006\/revisions"}],"predecessor-version":[{"id":193986,"href":"https:\/\/progepe.ufpr.br\/portarias\/wp-json\/wp\/v2\/posts\/42006\/revisions\/193986"}],"wp:attachment":[{"href":"https:\/\/progepe.ufpr.br\/portarias\/wp-json\/wp\/v2\/media?parent=42006"}],"wp:term":[{"taxonomy":"category","embeddable":true,"href":"https:\/\/progepe.ufpr.br\/portarias\/wp-json\/wp\/v2\/categories?post=42006"},{"taxonomy":"post_tag","embeddable":true,"href":"https:\/\/progepe.ufpr.br\/portarias\/wp-json\/wp\/v2\/tags?post=42006"}],"curies":[{"name":"wp","href":"https:\/\/api.w.org\/{rel}","templated":true}]}}