{"id":42202,"date":"2020-02-28T05:10:00","date_gmt":"2020-02-28T08:10:00","guid":{"rendered":"http:\/\/progepe.ufpr.br\/portal\/?post_type=portarias&#038;p=42202"},"modified":"2023-08-03T13:18:34","modified_gmt":"2023-08-03T16:18:34","slug":"rt-2020-00552","status":"publish","type":"post","link":"https:\/\/progepe.ufpr.br\/portarias\/rt-2020-00552\/","title":{"rendered":"PORTARIA N\u00ba 00552\/REITORIA, DE 28 DE FEVEREIRO DE 2020"},"content":{"rendered":"\n<p><strong>O Reitor da Universidade Federal do Paran\u00e1, <\/strong>no uso de suas atribui\u00e7\u00f5es considerando o que consta no artigo 9\u00ba, inciso II da Lei n\u00ba 8.112\/90 e tendo em vista o que consta no processo n\u00ba 23075.011278\/2020-96, <\/p>\n\n\n\n<p>RESOLVE: <\/p>\n\n\n\n<p>Alterar a Portaria n\u00ba 188\/REITOR, de 20&nbsp; de\nmar\u00e7o de 2017, publicada no Di\u00e1rio Oficial da Uni\u00e3o de&nbsp;21 de mar\u00e7o de\n2017, se\u00e7\u00e3o 2, p\u00e1g. 26, referente \u00e0 nomea\u00e7\u00e3o da servidora MAISA UMBELINO&nbsp;&#8211;\n1793998, no cargo de Coordenadora, CD-04, da Coordena\u00e7\u00e3o Administrativa da\nSuperintend\u00eancia de Infraestrutura,&nbsp;para fazer constar que, a partir da data\nde publica\u00e7\u00e3o em DOU desta Portaria, o referido cargo de dire\u00e7\u00e3o passa a\ndenominar-se Coordenadora, CD-04, da Coordenadoria Administrativa da\nSuperintend\u00eancia de Infraestrutura.<\/p>\n\n\n\n<p style=\"text-align:right\"><strong>RICARDO MARCELO FONSECA<\/strong><\/p>\n","protected":false},"excerpt":{"rendered":"<p>O Reitor da Universidade Federal do Paran\u00e1, no uso de suas atribui\u00e7\u00f5es considerando o que consta no artigo 9\u00ba, inciso II da Lei n\u00ba 8.112\/90 e tendo em vista o que consta no processo n\u00ba 23075.011278\/2020-96, RESOLVE: Alterar a Portaria n\u00ba 188\/REITOR, de 20&nbsp; de mar\u00e7o de 2017, publicada no Di\u00e1rio Oficial da Uni\u00e3o de&nbsp;21 [&hellip;]<\/p>\n","protected":false},"author":50,"featured_media":0,"comment_status":"closed","ping_status":"closed","sticky":false,"template":"","format":"standard","meta":{"_acf_changed":false,"iawp_total_views":4,"footnotes":""},"categories":[117],"tags":[120],"class_list":["post-42202","post","type-post","status-publish","format-standard","hentry","category-rt","tag-funcao"],"acf":[],"_links":{"self":[{"href":"https:\/\/progepe.ufpr.br\/portarias\/wp-json\/wp\/v2\/posts\/42202","targetHints":{"allow":["GET"]}}],"collection":[{"href":"https:\/\/progepe.ufpr.br\/portarias\/wp-json\/wp\/v2\/posts"}],"about":[{"href":"https:\/\/progepe.ufpr.br\/portarias\/wp-json\/wp\/v2\/types\/post"}],"author":[{"embeddable":true,"href":"https:\/\/progepe.ufpr.br\/portarias\/wp-json\/wp\/v2\/users\/50"}],"replies":[{"embeddable":true,"href":"https:\/\/progepe.ufpr.br\/portarias\/wp-json\/wp\/v2\/comments?post=42202"}],"version-history":[{"count":1,"href":"https:\/\/progepe.ufpr.br\/portarias\/wp-json\/wp\/v2\/posts\/42202\/revisions"}],"predecessor-version":[{"id":194025,"href":"https:\/\/progepe.ufpr.br\/portarias\/wp-json\/wp\/v2\/posts\/42202\/revisions\/194025"}],"wp:attachment":[{"href":"https:\/\/progepe.ufpr.br\/portarias\/wp-json\/wp\/v2\/media?parent=42202"}],"wp:term":[{"taxonomy":"category","embeddable":true,"href":"https:\/\/progepe.ufpr.br\/portarias\/wp-json\/wp\/v2\/categories?post=42202"},{"taxonomy":"post_tag","embeddable":true,"href":"https:\/\/progepe.ufpr.br\/portarias\/wp-json\/wp\/v2\/tags?post=42202"}],"curies":[{"name":"wp","href":"https:\/\/api.w.org\/{rel}","templated":true}]}}