{"id":42215,"date":"2020-02-28T05:13:00","date_gmt":"2020-02-28T08:13:00","guid":{"rendered":"http:\/\/progepe.ufpr.br\/portal\/?post_type=portarias&#038;p=42215"},"modified":"2024-06-17T11:58:11","modified_gmt":"2024-06-17T14:58:11","slug":"rt-2020-00555","status":"publish","type":"post","link":"https:\/\/progepe.ufpr.br\/portarias\/rt-2020-00555\/","title":{"rendered":"PORTARIA N\u00ba 00555\/REITORIA, DE 28 DE FEVEREIRO DE 2020"},"content":{"rendered":"\n<p style=\"padding-left:43%\">O Reitor da Universidade Federal do Paran\u00e1, no uso de suas atribui\u00e7\u00f5es considerando o que consta no artigo 9\u00ba, inciso II da Lei n\u00ba 8.112\/90 e tendo em vista o que consta no processo n\u00ba 23075.011278\/2020-96,<\/p>\n\n\n\n<p style=\"padding-left:43%\"><strong>RESOLVE:<\/strong><\/p>\n\n\n\n<p>Alterar a <a href=\"https:\/\/progepe.ufpr.br\/portarias\/progepe-2018-02866\/\" data-type=\"post\" data-id=\"78945\">Portaria n\u00ba 2866\/PROGEPE, de 19 de junho de 2018<\/a>, publicada no Di\u00e1rio Oficial da Uni\u00e3o de\u00a025 de junho de 2018, se\u00e7\u00e3o 2, p\u00e1g. 14, referente \u00e0 nomea\u00e7\u00e3o do servidor LUIS EDUARDO FALCO &#8211; 2828687, na fun\u00e7\u00e3o de Chefe da Se\u00e7\u00e3o de Controle e Execu\u00e7\u00e3o Or\u00e7ament\u00e1ria, FG-01, da Superintend\u00eancia de Infraestrutura,\u00a0para fazer constar que, a partir da data de publica\u00e7\u00e3o em DOU desta Portaria, a referida fun\u00e7\u00e3o gratificada passa a denominar-se Chefe da\u00a0Unidade de Controle e Execu\u00e7\u00e3o Or\u00e7ament\u00e1ria, FG-01, da Coordenadoria Administrativa da Superintend\u00eancia de Infraestrutura.<\/p>\n","protected":false},"excerpt":{"rendered":"<p>Alterar a <a href=\"https:\/\/progepe.ufpr.br\/portarias\/progepe-2018-02866\/\" data-type=\"post\" data-id=\"78945\">Portaria n\u00ba 2866\/PROGEPE, de 19 de junho de 2018<\/a>, publicada no Di\u00e1rio Oficial da Uni\u00e3o de\u00a025 de junho de 2018, se\u00e7\u00e3o 2, p\u00e1g. 14, referente \u00e0 nomea\u00e7\u00e3o do servidor LUIS EDUARDO FALCO &#8211; 2828687, na fun\u00e7\u00e3o de Chefe da Se\u00e7\u00e3o de Controle e Execu\u00e7\u00e3o Or\u00e7ament\u00e1ria, FG-01, da Superintend\u00eancia de Infraestrutura,\u00a0para fazer constar que, a partir da data de publica\u00e7\u00e3o em DOU desta Portaria, a referida fun\u00e7\u00e3o gratificada passa a denominar-se Chefe da\u00a0Unidade de Controle e Execu\u00e7\u00e3o Or\u00e7ament\u00e1ria, FG-01, da Coordenadoria Administrativa da Superintend\u00eancia de Infraestrutura.<\/p>\n","protected":false},"author":50,"featured_media":0,"comment_status":"closed","ping_status":"closed","sticky":false,"template":"","format":"standard","meta":{"_acf_changed":false,"iawp_total_views":0,"footnotes":""},"categories":[117],"tags":[120],"class_list":["post-42215","post","type-post","status-publish","format-standard","hentry","category-rt","tag-funcao"],"acf":[],"_links":{"self":[{"href":"https:\/\/progepe.ufpr.br\/portarias\/wp-json\/wp\/v2\/posts\/42215","targetHints":{"allow":["GET"]}}],"collection":[{"href":"https:\/\/progepe.ufpr.br\/portarias\/wp-json\/wp\/v2\/posts"}],"about":[{"href":"https:\/\/progepe.ufpr.br\/portarias\/wp-json\/wp\/v2\/types\/post"}],"author":[{"embeddable":true,"href":"https:\/\/progepe.ufpr.br\/portarias\/wp-json\/wp\/v2\/users\/50"}],"replies":[{"embeddable":true,"href":"https:\/\/progepe.ufpr.br\/portarias\/wp-json\/wp\/v2\/comments?post=42215"}],"version-history":[{"count":2,"href":"https:\/\/progepe.ufpr.br\/portarias\/wp-json\/wp\/v2\/posts\/42215\/revisions"}],"predecessor-version":[{"id":256332,"href":"https:\/\/progepe.ufpr.br\/portarias\/wp-json\/wp\/v2\/posts\/42215\/revisions\/256332"}],"wp:attachment":[{"href":"https:\/\/progepe.ufpr.br\/portarias\/wp-json\/wp\/v2\/media?parent=42215"}],"wp:term":[{"taxonomy":"category","embeddable":true,"href":"https:\/\/progepe.ufpr.br\/portarias\/wp-json\/wp\/v2\/categories?post=42215"},{"taxonomy":"post_tag","embeddable":true,"href":"https:\/\/progepe.ufpr.br\/portarias\/wp-json\/wp\/v2\/tags?post=42215"}],"curies":[{"name":"wp","href":"https:\/\/api.w.org\/{rel}","templated":true}]}}