{"id":42627,"date":"2020-04-22T05:00:00","date_gmt":"2020-04-22T08:00:00","guid":{"rendered":"http:\/\/progepe.ufpr.br\/portal\/?post_type=portarias&#038;p=42627"},"modified":"2023-08-03T13:19:18","modified_gmt":"2023-08-03T16:19:18","slug":"rt-2020-00878","status":"publish","type":"post","link":"https:\/\/progepe.ufpr.br\/portarias\/rt-2020-00878\/","title":{"rendered":"PORTARIA N\u00ba 00878\/REITORIA, DE 22 DE ABRIL DE 2020"},"content":{"rendered":"\n<p><strong>O Reitor da Universidade Federal do Paran\u00e1, <\/strong>no uso de\nsuas atribui\u00e7\u00f5es e tendo em vista o que consta no processo n\u00ba 23075.011788\/2020-63,<\/p>\n\n\n\n<p>RESOLVE:<\/p>\n\n\n\n<p>Designar\npara compor a Comiss\u00e3o de Coordena\u00e7\u00e3o dos Grandes Eventos da Universidade\nFederal do Paran\u00e1, os seguintes integrantes:<\/p>\n\n\n\n<p><strong>Presidente:<\/strong><\/p>\n\n\n\n<p>CARLOS\nALBERTO MARTINS DA ROCHA &#8211; 2213428<\/p>\n\n\n\n<p><strong>Membros:<\/strong><\/p>\n\n\n\n<p>RODRIGO\nTADEU GON\u00c7ALVES &#8211; 1510663<\/p>\n\n\n\n<p>RONALDO\nALVES FEITOSA &#8211; 3041513<\/p>\n\n\n\n<p>GILIARDI\nANDERSON DE SOUZA &#8211; 2349704<\/p>\n\n\n\n<p>CARINE\nALINE SCHWENGBER &#8211; 1880188<\/p>\n\n\n\n<p>ANDRE\nFILGUEIRA &#8211; 1908343<\/p>\n\n\n\n<p>RAYMUNDO\nGARBELOTTI FILHO &#8211; 6423924<\/p>\n\n\n\n<p>ELEONORA CAMARGO DE MENDON\u00c7A<\/p>\n\n\n\n<p>ADELIA\nJUNGLOS ALVES &#8211; 343897<\/p>\n\n\n\n<p>BRUNA\nCOUTRIM DE OLIVEIRA &#8211; 1828145<\/p>\n\n\n\n<p>LEONIR\nLORENZETTI &#8211; 2075017<\/p>\n\n\n\n<p>ANDREA\nTRAUB &#8211; 2382762<\/p>\n\n\n\n<p>SARAH\nMENON DOMINGOS DO NASCIMENTO &#8211; 3029868<\/p>\n\n\n\n<p style=\"text-align:right\">Ricardo Marcelo Fonseca<\/p>\n","protected":false},"excerpt":{"rendered":"<p>Designar para compor a Comiss\u00e3o de Coordena\u00e7\u00e3o dos Grandes Eventos da Universidade Federal do Paran\u00e1, os seguintes integrantes:  <strong>Presidente:<\/strong>  CARLOS ALBERTO MARTINS DA ROCHA &#8211; 2213428  <strong>Membros:<\/strong>  RODRIGO TADEU GON\u00c7ALVES &#8211; 1510663  RONALDO ALVES FEITOSA &#8211; 3041513  GILIARDI ANDERSON DE SOUZA &#8211; 2349704  CARINE ALINE SCHWENGBER &#8211; 1880188  ANDRE FILGUEIRA &#8211; 1908343  RAYMUNDO GARBELOTTI FILHO &#8211; 6423924  ELEONORA CAMARGO DE MENDON\u00c7A  ADELIA JUNGLOS ALVES &#8211; 343897  BRUNA COUTRIM DE OLIVEIRA &#8211; 1828145  LEONIR LORENZETTI &#8211; 2075017  ANDREA TRAUB &#8211; 2382762  SARAH MENON DOMINGOS<\/p>\n","protected":false},"author":49,"featured_media":0,"comment_status":"closed","ping_status":"closed","sticky":false,"template":"","format":"standard","meta":{"_acf_changed":false,"iawp_total_views":1,"footnotes":""},"categories":[117],"tags":[124],"class_list":["post-42627","post","type-post","status-publish","format-standard","hentry","category-rt","tag-comissao"],"acf":[],"_links":{"self":[{"href":"https:\/\/progepe.ufpr.br\/portarias\/wp-json\/wp\/v2\/posts\/42627","targetHints":{"allow":["GET"]}}],"collection":[{"href":"https:\/\/progepe.ufpr.br\/portarias\/wp-json\/wp\/v2\/posts"}],"about":[{"href":"https:\/\/progepe.ufpr.br\/portarias\/wp-json\/wp\/v2\/types\/post"}],"author":[{"embeddable":true,"href":"https:\/\/progepe.ufpr.br\/portarias\/wp-json\/wp\/v2\/users\/49"}],"replies":[{"embeddable":true,"href":"https:\/\/progepe.ufpr.br\/portarias\/wp-json\/wp\/v2\/comments?post=42627"}],"version-history":[{"count":1,"href":"https:\/\/progepe.ufpr.br\/portarias\/wp-json\/wp\/v2\/posts\/42627\/revisions"}],"predecessor-version":[{"id":194103,"href":"https:\/\/progepe.ufpr.br\/portarias\/wp-json\/wp\/v2\/posts\/42627\/revisions\/194103"}],"wp:attachment":[{"href":"https:\/\/progepe.ufpr.br\/portarias\/wp-json\/wp\/v2\/media?parent=42627"}],"wp:term":[{"taxonomy":"category","embeddable":true,"href":"https:\/\/progepe.ufpr.br\/portarias\/wp-json\/wp\/v2\/categories?post=42627"},{"taxonomy":"post_tag","embeddable":true,"href":"https:\/\/progepe.ufpr.br\/portarias\/wp-json\/wp\/v2\/tags?post=42627"}],"curies":[{"name":"wp","href":"https:\/\/api.w.org\/{rel}","templated":true}]}}