{"id":42950,"date":"2020-04-28T05:03:00","date_gmt":"2020-04-28T08:03:00","guid":{"rendered":"http:\/\/progepe.ufpr.br\/portal\/?post_type=portarias&#038;p=42950"},"modified":"2023-08-03T13:19:21","modified_gmt":"2023-08-03T16:19:21","slug":"rt-2020-00897","status":"publish","type":"post","link":"https:\/\/progepe.ufpr.br\/portarias\/rt-2020-00897\/","title":{"rendered":"PORTARIA N\u00ba 00897\/REITORIA, DE 28 DE ABRIL DE 2020"},"content":{"rendered":"\n<p><strong>O\nReitor da Universidade Federal do Paran\u00e1, <\/strong>no uso de suas atribui\u00e7\u00f5es e tendo em\nvista o que consta no processo n\u00ba 23075.001218\/2020-65,<\/p>\n\n\n\n<p>RESOLVE:<\/p>\n\n\n\n<p>Alterar a\nPortaria n\u00ba 128\/REITORIA, de 10 de janeiro de 2020, publicada no DOU de\n14.01.2020, Se\u00e7\u00e3o 2, p\u00e1g. 25, referente \u00e0 designa\u00e7\u00e3o da servidora MARIA TEREZA CARNEIRO SOARES &#8211;\n1169970, como substituta eventual do servidor EDUARDO SALLES DE OLIVEIRA BARRA\n&#8211; 1354144, no Cargo de Dire\u00e7\u00e3o, CD-02, para fazer constar que, a partir de 20\nde mar\u00e7o de 2020, a citada CD-02, passou a denominar-se Pr\u00f3-Reitor de Gradua\u00e7\u00e3o\ne Educa\u00e7\u00e3o Profissional desta Universidade, conforme Portaria n\u00ba 696\/REITORIA,\nde 12 de mar\u00e7o de 2020, publicada no DOU de 20.03.2020, Se\u00e7\u00e3o 2, p\u00e1g. 30.<\/p>\n\n\n\n<p style=\"text-align:right\">Ricardo Marcelo\nFonseca<\/p>\n","protected":false},"excerpt":{"rendered":"<p>Alterar a Portaria n\u00ba 128\/REITORIA, de 10 de janeiro de 2020, publicada no DOU de 14.01.2020, Se\u00e7\u00e3o 2, p\u00e1g. 25, referente \u00e0 designa\u00e7\u00e3o da servidora MARIA TEREZA CARNEIRO SOARES &#8211; 1169970, como substituta eventual do servidor EDUARDO SALLES DE OLIVEIRA BARRA &#8211; 1354144, no Cargo de Dire\u00e7\u00e3o, CD-02, para fazer constar que, a partir de 20 de mar\u00e7o de 2020, a citada CD-02, passou a denominar-se Pr\u00f3-Reitor de Gradua\u00e7\u00e3o e Educa\u00e7\u00e3o Profissional desta Universidade, conforme Portaria n\u00ba 696\/REITORIA, de 12 de mar\u00e7o de 2020, publicada no DOU de 20.03.2020, Se\u00e7\u00e3o 2, p\u00e1g. 30.  <!-- wp:paragraph {\"align\":\"right\"} \n\n<p \n\n","protected":false},"author":49,"featured_media":0,"comment_status":"closed","ping_status":"closed","sticky":false,"template":"","format":"standard","meta":{"_acf_changed":false,"iawp_total_views":0,"footnotes":""},"categories":[117],"tags":[120],"class_list":["post-42950","post","type-post","status-publish","format-standard","hentry","category-rt","tag-funcao"],"acf":[],"_links":{"self":[{"href":"https:\/\/progepe.ufpr.br\/portarias\/wp-json\/wp\/v2\/posts\/42950","targetHints":{"allow":["GET"]}}],"collection":[{"href":"https:\/\/progepe.ufpr.br\/portarias\/wp-json\/wp\/v2\/posts"}],"about":[{"href":"https:\/\/progepe.ufpr.br\/portarias\/wp-json\/wp\/v2\/types\/post"}],"author":[{"embeddable":true,"href":"https:\/\/progepe.ufpr.br\/portarias\/wp-json\/wp\/v2\/users\/49"}],"replies":[{"embeddable":true,"href":"https:\/\/progepe.ufpr.br\/portarias\/wp-json\/wp\/v2\/comments?post=42950"}],"version-history":[{"count":1,"href":"https:\/\/progepe.ufpr.br\/portarias\/wp-json\/wp\/v2\/posts\/42950\/revisions"}],"predecessor-version":[{"id":194147,"href":"https:\/\/progepe.ufpr.br\/portarias\/wp-json\/wp\/v2\/posts\/42950\/revisions\/194147"}],"wp:attachment":[{"href":"https:\/\/progepe.ufpr.br\/portarias\/wp-json\/wp\/v2\/media?parent=42950"}],"wp:term":[{"taxonomy":"category","embeddable":true,"href":"https:\/\/progepe.ufpr.br\/portarias\/wp-json\/wp\/v2\/categories?post=42950"},{"taxonomy":"post_tag","embeddable":true,"href":"https:\/\/progepe.ufpr.br\/portarias\/wp-json\/wp\/v2\/tags?post=42950"}],"curies":[{"name":"wp","href":"https:\/\/api.w.org\/{rel}","templated":true}]}}