{"id":42964,"date":"2020-04-29T05:02:00","date_gmt":"2020-04-29T08:02:00","guid":{"rendered":"http:\/\/progepe.ufpr.br\/portal\/?post_type=portarias&#038;p=42964"},"modified":"2023-08-03T13:19:21","modified_gmt":"2023-08-03T16:19:21","slug":"rt-2020-00904","status":"publish","type":"post","link":"https:\/\/progepe.ufpr.br\/portarias\/rt-2020-00904\/","title":{"rendered":"PORTARIA N\u00ba 00904\/REITORIA, DE 29 DE ABRIL DE 2020"},"content":{"rendered":"\n<p><strong>O\nReitor da Universidade Federal do Paran\u00e1, <\/strong>no uso de suas atribui\u00e7\u00f5es e tendo em\nvista o que consta no processo n\u00ba 23075.001218\/2020-65,<\/p>\n\n\n\n<p>RESOLVE:<\/p>\n\n\n\n<p>Alterar a\nPortaria n\u00ba 134\/REITORIA, de 10 de janeiro de 2020, publicada no DOU de\n14.01.2020, Se\u00e7\u00e3o 2, p\u00e1g. 25, referente \u00e0 designa\u00e7\u00e3o do servidor ALEXANDRE DONIZETE LOPES DE\nMORAES &#8211; 1837542, como substituto eventual do servidor CARLOS ITSUO YAMAMOTO &#8211;\n342866, no Cargo de Dire\u00e7\u00e3o, CD-04, para fazer constar que, a partir de 03 de\nmar\u00e7o de 2020, a citada CD-04, passou a denominar-se Diretor da Ag\u00eancia de\nInova\u00e7\u00e3o UFPR da Universidade Federal do Paran\u00e1, conforme Portaria n\u00ba\n548\/REITORIA, de 28 de fevereiro de 2020, publicada no DOU de 03.03.2020, Se\u00e7\u00e3o\n2, p\u00e1g. 38.<\/p>\n\n\n\n<p style=\"text-align:right\">Ricardo Marcelo\nFonseca<\/p>\n","protected":false},"excerpt":{"rendered":"<p>Alterar a Portaria n\u00ba 134\/REITORIA, de 10 de janeiro de 2020, publicada no DOU de 14.01.2020, Se\u00e7\u00e3o 2, p\u00e1g. 25, referente \u00e0 designa\u00e7\u00e3o do servidor ALEXANDRE DONIZETE LOPES DE MORAES &#8211; 1837542, como substituto eventual do servidor CARLOS ITSUO YAMAMOTO &#8211; 342866, no Cargo de Dire\u00e7\u00e3o, CD-04, para fazer constar que, a partir de 03 de mar\u00e7o de 2020, a citada CD-04, passou a denominar-se Diretor da Ag\u00eancia de Inova\u00e7\u00e3o UFPR da Universidade Federal do Paran\u00e1, conforme Portaria n\u00ba 548\/REITORIA, de 28 de fevereiro de 2020, publicada no DOU de 03.03.2020, Se\u00e7\u00e3o 2, p\u00e1g. 38.  <!-- wp:paragraph\n<\/p>\n","protected":false},"author":49,"featured_media":0,"comment_status":"closed","ping_status":"closed","sticky":false,"template":"","format":"standard","meta":{"_acf_changed":false,"iawp_total_views":5,"footnotes":""},"categories":[117],"tags":[120],"class_list":["post-42964","post","type-post","status-publish","format-standard","hentry","category-rt","tag-funcao"],"acf":[],"_links":{"self":[{"href":"https:\/\/progepe.ufpr.br\/portarias\/wp-json\/wp\/v2\/posts\/42964","targetHints":{"allow":["GET"]}}],"collection":[{"href":"https:\/\/progepe.ufpr.br\/portarias\/wp-json\/wp\/v2\/posts"}],"about":[{"href":"https:\/\/progepe.ufpr.br\/portarias\/wp-json\/wp\/v2\/types\/post"}],"author":[{"embeddable":true,"href":"https:\/\/progepe.ufpr.br\/portarias\/wp-json\/wp\/v2\/users\/49"}],"replies":[{"embeddable":true,"href":"https:\/\/progepe.ufpr.br\/portarias\/wp-json\/wp\/v2\/comments?post=42964"}],"version-history":[{"count":1,"href":"https:\/\/progepe.ufpr.br\/portarias\/wp-json\/wp\/v2\/posts\/42964\/revisions"}],"predecessor-version":[{"id":194148,"href":"https:\/\/progepe.ufpr.br\/portarias\/wp-json\/wp\/v2\/posts\/42964\/revisions\/194148"}],"wp:attachment":[{"href":"https:\/\/progepe.ufpr.br\/portarias\/wp-json\/wp\/v2\/media?parent=42964"}],"wp:term":[{"taxonomy":"category","embeddable":true,"href":"https:\/\/progepe.ufpr.br\/portarias\/wp-json\/wp\/v2\/categories?post=42964"},{"taxonomy":"post_tag","embeddable":true,"href":"https:\/\/progepe.ufpr.br\/portarias\/wp-json\/wp\/v2\/tags?post=42964"}],"curies":[{"name":"wp","href":"https:\/\/api.w.org\/{rel}","templated":true}]}}